{"id":89,"date":"2006-09-08T18:47:00","date_gmt":"2006-09-08T16:47:00","guid":{"rendered":"http:\/\/www.kommentiert.at\/vote06\/?p=89"},"modified":"2006-09-08T18:47:00","modified_gmt":"2006-09-08T16:47:00","slug":"molterer-in-kirchdorf","status":"publish","type":"post","link":"https:\/\/www.kommentiert.at\/vote06\/?p=89","title":{"rendered":"molterer in kirchdorf&#8230;"},"content":{"rendered":"<div style=\"text-align: center;\"><a href=\"http:\/\/photos1.blogger.com\/blogger\/2353\/3412\/1600\/mo1.0.jpg\"><img decoding=\"async\" style=\"margin: 0px auto 10px; display: block; text-align: center; cursor: pointer;\" src=\"http:\/\/photos1.blogger.com\/blogger\/2353\/3412\/320\/mo1.0.jpg\" alt=\"\" border=\"0\" \/><\/a><span style=\"font-size:85%;\">molterer mit landtagsabgeordnetem sch\u00fcrrer (\u00f6vp),<br \/><\/span><\/div>\n<p><\/p>\n<div style=\"text-align: center;\"><a href=\"http:\/\/photos1.blogger.com\/blogger\/2353\/3412\/1600\/mo2.jpg\"><img decoding=\"async\" style=\"margin: 0px auto 10px; display: block; text-align: center; cursor: pointer;\" src=\"http:\/\/photos1.blogger.com\/blogger\/2353\/3412\/320\/mo2.jpg\" alt=\"\" border=\"0\" \/><\/a><span style=\"font-size:85%;\">mit passanten,<\/p>\n<p><\/span><a href=\"http:\/\/photos1.blogger.com\/blogger\/2353\/3412\/1600\/mo3.jpg\"><img decoding=\"async\" style=\"margin: 0px auto 10px; display: block; text-align: center; cursor: pointer;\" src=\"http:\/\/photos1.blogger.com\/blogger\/2353\/3412\/320\/mo3.jpg\" alt=\"\" border=\"0\" \/><\/a><span style=\"font-size:85%;\">mit vollem mund.<\/span><\/div>\n<p>\u00f6vp-klubobmann wilhelm molterer war am freitagnachmittag zu gast im kremstal. der \u00f6vp-spitzenkandidat in ober\u00f6sterreich besuchte u.a. die konditorei bachhalm und das altenheim in micheldorf. dann stieg er wieder in seinen 7er-bmw und brach auf nach gmunden zur n\u00e4chsten veranstaltung. (cdw)<\/p>\n<p><span style=\"font-style: italic;font-size:85%;\" >cdw berichtete f\u00fcr die  &#8222;ober\u00f6sterreichische rundschau&#8220;.<\/p>\n<p><\/span><span style=\"font-size:85%;\">fotos: cdw <\/span><\/p>\n","protected":false},"excerpt":{"rendered":"<p>molterer mit landtagsabgeordnetem sch\u00fcrrer (\u00f6vp), mit passanten, mit vollem mund. \u00f6vp-klubobmann wilhelm molterer war am freitagnachmittag zu gast im kremstal. der \u00f6vp-spitzenkandidat in ober\u00f6sterreich besuchte u.a. die konditorei bachhalm und das altenheim in micheldorf. dann stieg er wieder in seinen 7er-bmw und brach auf nach gmunden zur n\u00e4chsten veranstaltung. (cdw) cdw berichtete f\u00fcr die &#8222;ober\u00f6sterreichische&hellip; <a class=\"more-link\" href=\"https:\/\/www.kommentiert.at\/vote06\/?p=89\"><span class=\"screen-reader-text\">molterer in kirchdorf&#8230;<\/span> weiterlesen<\/a><\/p>\n","protected":false},"author":2,"featured_media":0,"comment_status":"open","ping_status":"open","sticky":false,"template":"","format":"standard","meta":{"footnotes":""},"categories":[1],"tags":[],"class_list":["post-89","post","type-post","status-publish","format-standard","hentry","category-allgemein","entry"],"_links":{"self":[{"href":"https:\/\/www.kommentiert.at\/vote06\/index.php?rest_route=\/wp\/v2\/posts\/89","targetHints":{"allow":["GET"]}}],"collection":[{"href":"https:\/\/www.kommentiert.at\/vote06\/index.php?rest_route=\/wp\/v2\/posts"}],"about":[{"href":"https:\/\/www.kommentiert.at\/vote06\/index.php?rest_route=\/wp\/v2\/types\/post"}],"author":[{"embeddable":true,"href":"https:\/\/www.kommentiert.at\/vote06\/index.php?rest_route=\/wp\/v2\/users\/2"}],"replies":[{"embeddable":true,"href":"https:\/\/www.kommentiert.at\/vote06\/index.php?rest_route=%2Fwp%2Fv2%2Fcomments&post=89"}],"version-history":[{"count":0,"href":"https:\/\/www.kommentiert.at\/vote06\/index.php?rest_route=\/wp\/v2\/posts\/89\/revisions"}],"wp:attachment":[{"href":"https:\/\/www.kommentiert.at\/vote06\/index.php?rest_route=%2Fwp%2Fv2%2Fmedia&parent=89"}],"wp:term":[{"taxonomy":"category","embeddable":true,"href":"https:\/\/www.kommentiert.at\/vote06\/index.php?rest_route=%2Fwp%2Fv2%2Fcategories&post=89"},{"taxonomy":"post_tag","embeddable":true,"href":"https:\/\/www.kommentiert.at\/vote06\/index.php?rest_route=%2Fwp%2Fv2%2Ftags&post=89"}],"curies":[{"name":"wp","href":"https:\/\/api.w.org\/{rel}","templated":true}]}}