{"id":83,"date":"2006-09-10T17:24:00","date_gmt":"2006-09-10T15:24:00","guid":{"rendered":"http:\/\/www.kommentiert.at\/vote06\/?p=83"},"modified":"2006-09-10T17:24:00","modified_gmt":"2006-09-10T15:24:00","slug":"die-grune-eva-will-nicht-um-jeden-preis","status":"publish","type":"post","link":"https:\/\/www.kommentiert.at\/vote06\/?p=83","title":{"rendered":"die &#8222;gr\u00fcne eva&#8220; will nicht um jeden preis&#8230;"},"content":{"rendered":"<p>sie wolle nicht um jeden preis regieren, betonte die stellvertretende gr\u00fcne bundessprecherin eva glawischnig am sonntag in der orf-pressestunde. &#8222;das h\u00e4tten wir schon vor vier jahren haben k\u00f6nnen&#8220;, so glawischnig in anspielung auf die schwarz-gr\u00fcnen koalitionsverhandlungen nach den nationalratswahlen 2002.<\/p>\n<p><a href=\"http:\/\/www.kurier.at\/mmediagal\/1147692428\/11476925200876_4.jpg\"><img decoding=\"async\" style=\"margin: 0px auto 10px; display: block; text-align: center; cursor: pointer; width: 376px; height: 281px;\" src=\"http:\/\/www.kurier.at\/mmediagal\/1147692428\/11476925200876_4.jpg\" alt=\"\" border=\"0\" \/><\/a><br \/>die abschaffung der studiengeb\u00fchren sei eine koalitonsbedingung, das gleiche gelte f\u00fcr den ausstieg aus dem eurofighter-vertrag. das geld, das sich der staat dadurch ersparen w\u00fcrde, will glawischnig in eine gro\u00dfe bildungsoffensive stecken.<\/p>\n<div><\/p>\n<blockquote style=\"font-family: courier new;\"><p>ich m\u00f6chte jungen menschen nicht l\u00e4nger diese zeit stehlen.<\/p><\/blockquote>\n<p>in der verteidigungspolitik sprach sich glawischnig f\u00fcr eine abschaffung der allgemeinen wehrpflicht aus. sie wolle jungen menschen nicht l\u00e4nger diese zeit stehlen. ebenfalls von der gr\u00fcn-politikerin angesprochen: die &#8222;energiewende&#8220;. &#8222;am abend werden die faulen flei\u00dfig&#8220;, kommentierte glawischnig \u00e4hnliche pl\u00e4ne der \u00f6vp in richtung erneuerbarer energien. tats\u00e4chlich habe die regierung mit dem \u00f6kostrom-gesetz in diesem bereich massiv f\u00f6rderungen gek\u00fcrzt.<\/p>\n<blockquote style=\"font-family: courier new;\"><p>am abend werden die faulen flei\u00dfig.<\/p><\/blockquote>\n<p>innerhalb von vier jahren wollen die gr\u00fcnen den dieselpreis an den benzinpreis angleichen. laut glawischnig seien das in summe 12 cent preiserh\u00f6hung pro liter diesel. diese forderung sei vor allem gesundheitspolitisch motiviert, so glawischnig: &#8222;ich stehe auf der seite von 60.000 kindern.&#8220; sie stehe auch auf der seite der ober\u00f6sterreichischen gr\u00fcnen, die auf autobahnen tempo 100 verordnen wollen, um die feinstaubemissionen zu reduzieren.<\/p>\n<blockquote style=\"font-family: courier new;\"><p>ich stehe auf der seite von 60.000 kindern.<\/p><\/blockquote>\n<p>heftige kritik \u00fcbte glawischnig an der ausl\u00e4nderpolitik der regierung. zuwanderung sei f\u00fcr die gr\u00fcnen &#8222;chance und nicht bedrohung&#8220;. gerade vor dem hintergrund der pflegedebatte sei klar, dass arbeitsmigration &#8222;nicht nur populistisch verteufelt&#8220; werden d\u00fcrfe, sondern  seri\u00f6s diskutiert werden sollte.<\/p>\n<blockquote style=\"font-family: courier new;\"><p>jedes plus ist ein plus, \u00fcber das ich mich freue.<\/p><\/blockquote>\n<p>als wahlziel nannte die stellvertretende bundessprecherin den dritten platz &#8211; vor der fp\u00f6. &#8222;jedes plus ist ein plus, \u00fcber das ich mich freue.&#8220;<\/p>\n<blockquote style=\"font-family: courier new;\"><p>gegen alles zu sein, und nur mit einem b\u00fcndel von belastungen aufzuwarten, ist zu wenig.<\/p><\/blockquote>\n<p>die anderen parlamentsparteien kritisierten glawischnig nach ihrem fernsehauftritt erwartungsgem\u00e4\u00df heftig: die &#8222;krampfhafte abgrenzung&#8220; glawischnigs zur \u00f6vp sei nicht glaubw\u00fcrdig, betonte sp\u00f6-bundesgesch\u00e4ftsf\u00fchrerin doris bures. &#8222;f\u00fcr eine regierungsbeteiligung sind die gr\u00fcnen bereit, alle grunds\u00e4tze \u00fcber bord zu werfen&#8220;, so fp\u00f6-generalsekret\u00e4r herbert kickl. sie bef\u00e4nden sich schon l\u00e4ngst im &#8222;neoliberalen fahrwasser&#8220; der \u00f6vp. \u00f6vp-generalsekret\u00e4r reinhold lopatka sp\u00fcrt indes mangelnde verantwortungsbereitschaft bei den gr\u00fcnen: &#8222;gegen alles zu sein, und nur mit einem b\u00fcndel von belastungen aufzuwarten, ist zu wenig.&#8220; bz\u00f6-kandidatin helene partik-pable sieht in glawischnigs fernsehauftritt ein zeugnis, wie schwach spitzenfunktion\u00e4re der gr\u00fcnen in wirklichkeit seien und welche gefahr  eine gr\u00fcne regierungsbeteiligung f\u00fcr \u00f6sterreich bedeute. (cdw)<\/p>\n<p><span style=\"font-size:85%;\">foto: kurier<\/p>\n<p>webtipp:<br \/><a href=\"http:\/\/derstandard.at\/?id=2580898\">http:\/\/derstandard.at\/?id=2580898<\/a><\/span><\/div>\n","protected":false},"excerpt":{"rendered":"<p>sie wolle nicht um jeden preis regieren, betonte die stellvertretende gr\u00fcne bundessprecherin eva glawischnig am sonntag in der orf-pressestunde. &#8222;das h\u00e4tten wir schon vor vier jahren haben k\u00f6nnen&#8220;, so glawischnig in anspielung auf die schwarz-gr\u00fcnen koalitionsverhandlungen nach den nationalratswahlen 2002. die abschaffung der studiengeb\u00fchren sei eine koalitonsbedingung, das gleiche gelte f\u00fcr den ausstieg aus dem&hellip; <a class=\"more-link\" href=\"https:\/\/www.kommentiert.at\/vote06\/?p=83\"><span class=\"screen-reader-text\">die &#8222;gr\u00fcne eva&#8220; will nicht um jeden preis&#8230;<\/span> weiterlesen<\/a><\/p>\n","protected":false},"author":2,"featured_media":0,"comment_status":"open","ping_status":"open","sticky":false,"template":"","format":"standard","meta":{"footnotes":""},"categories":[1],"tags":[],"class_list":["post-83","post","type-post","status-publish","format-standard","hentry","category-allgemein","entry"],"_links":{"self":[{"href":"https:\/\/www.kommentiert.at\/vote06\/index.php?rest_route=\/wp\/v2\/posts\/83","targetHints":{"allow":["GET"]}}],"collection":[{"href":"https:\/\/www.kommentiert.at\/vote06\/index.php?rest_route=\/wp\/v2\/posts"}],"about":[{"href":"https:\/\/www.kommentiert.at\/vote06\/index.php?rest_route=\/wp\/v2\/types\/post"}],"author":[{"embeddable":true,"href":"https:\/\/www.kommentiert.at\/vote06\/index.php?rest_route=\/wp\/v2\/users\/2"}],"replies":[{"embeddable":true,"href":"https:\/\/www.kommentiert.at\/vote06\/index.php?rest_route=%2Fwp%2Fv2%2Fcomments&post=83"}],"version-history":[{"count":0,"href":"https:\/\/www.kommentiert.at\/vote06\/index.php?rest_route=\/wp\/v2\/posts\/83\/revisions"}],"wp:attachment":[{"href":"https:\/\/www.kommentiert.at\/vote06\/index.php?rest_route=%2Fwp%2Fv2%2Fmedia&parent=83"}],"wp:term":[{"taxonomy":"category","embeddable":true,"href":"https:\/\/www.kommentiert.at\/vote06\/index.php?rest_route=%2Fwp%2Fv2%2Fcategories&post=83"},{"taxonomy":"post_tag","embeddable":true,"href":"https:\/\/www.kommentiert.at\/vote06\/index.php?rest_route=%2Fwp%2Fv2%2Ftags&post=83"}],"curies":[{"name":"wp","href":"https:\/\/api.w.org\/{rel}","templated":true}]}}