{"id":49,"date":"2006-09-22T14:44:00","date_gmt":"2006-09-22T12:44:00","guid":{"rendered":"http:\/\/www.kommentiert.at\/vote06\/?p=49"},"modified":"2006-09-22T14:44:00","modified_gmt":"2006-09-22T12:44:00","slug":"der-prasident-mahnt-zur-masigung","status":"publish","type":"post","link":"https:\/\/www.kommentiert.at\/vote06\/?p=49","title":{"rendered":"der pr\u00e4sident mahnt zur m\u00e4\u00dfigung&#8230;"},"content":{"rendered":"<p>bundespr\u00e4sident heinz fischer hat die wahlk\u00e4mpfenden parteien am freitag zur m\u00e4\u00dfigung aufgefordert. &#8222;nicht nur der 1. oktober, auch der 2. oktober kommt ganz bestimmt&#8220;, betonte fischer.<\/p>\n<div>\n<blockquote style=\"font-family: courier new;\"><p>ich sch\u00e4tze in einer auseinandersetzung weder den begriff &#8217;napalm&#8216;, noch den versuch, eine demokratische partei  partei pauschal im sumpf eines bankenskandals untergehend darzustellen.<\/p><\/blockquote>\n<p><a href=\"http:\/\/www.rotefalken.at\/new\/news\/heinzfischer\/heifi\/sgani.gif\"><img decoding=\"async\" style=\"margin: 0pt 10px 10px 0pt; float: left; cursor: pointer; width: 201px; height: 185px;\" src=\"http:\/\/www.rotefalken.at\/new\/news\/heinzfischer\/heifi\/sgani.gif\" alt=\"\" border=\"0\" \/><\/a>es d\u00fcrfe nicht zu viel &#8222;zwischenmenschlcihes porzellan&#8220; zerschlagen werden. &#8222;ich sch\u00e4tze in einer auseinandersetzung weder den begriff &#8217;napalm&#8216;, noch den versuch, eine demokratische partei demokratische partei pauschal im sumpf eines bankenskandals unterghend darzustellen&#8220;, mahnte der pr\u00e4sident in hinblick auf die \u00e4u\u00dferungen von sp\u00f6-wahlkommunikator luigi schober und die bawag-aff\u00e4re (<span style=\"font-style: italic;\">vote06<\/span> berichtete).<\/p>\n<p>scharfe worte fand fischer f\u00fcr den anti-ausl\u00e4nder-wahlkampf, ohne dabei fp\u00f6 und bz\u00f6 namentlich zu nennen.<\/p>\n<p><span style=\"font-style: italic;\">der pr\u00e4sident ganz pr\u00e4sidial &#8211; fischer lieferte staatstragende \u00e4u\u00dferungen, die zu erwarten waren. <\/span>(cdw)<br \/><span style=\"font-size:85%;\"><br \/>karikatur: rotefalken.at<br \/><\/span><\/p>\n<p><span style=\"font-size:85%;\">webtipp:<br \/><a href=\"http:\/\/derstandard.at\/?id=2596963\">http:\/\/derstandard.at\/?id=2596963<\/a><\/span><\/p>\n<\/div>\n","protected":false},"excerpt":{"rendered":"<p>bundespr\u00e4sident heinz fischer hat die wahlk\u00e4mpfenden parteien am freitag zur m\u00e4\u00dfigung aufgefordert. &#8222;nicht nur der 1. oktober, auch der 2. oktober kommt ganz bestimmt&#8220;, betonte fischer. ich sch\u00e4tze in einer auseinandersetzung weder den begriff &#8217;napalm&#8216;, noch den versuch, eine demokratische partei partei pauschal im sumpf eines bankenskandals untergehend darzustellen. es d\u00fcrfe nicht zu viel &#8222;zwischenmenschlcihes&hellip; <a class=\"more-link\" href=\"https:\/\/www.kommentiert.at\/vote06\/?p=49\"><span class=\"screen-reader-text\">der pr\u00e4sident mahnt zur m\u00e4\u00dfigung&#8230;<\/span> weiterlesen<\/a><\/p>\n","protected":false},"author":2,"featured_media":0,"comment_status":"open","ping_status":"open","sticky":false,"template":"","format":"standard","meta":{"footnotes":""},"categories":[1],"tags":[],"class_list":["post-49","post","type-post","status-publish","format-standard","hentry","category-allgemein","entry"],"_links":{"self":[{"href":"https:\/\/www.kommentiert.at\/vote06\/index.php?rest_route=\/wp\/v2\/posts\/49","targetHints":{"allow":["GET"]}}],"collection":[{"href":"https:\/\/www.kommentiert.at\/vote06\/index.php?rest_route=\/wp\/v2\/posts"}],"about":[{"href":"https:\/\/www.kommentiert.at\/vote06\/index.php?rest_route=\/wp\/v2\/types\/post"}],"author":[{"embeddable":true,"href":"https:\/\/www.kommentiert.at\/vote06\/index.php?rest_route=\/wp\/v2\/users\/2"}],"replies":[{"embeddable":true,"href":"https:\/\/www.kommentiert.at\/vote06\/index.php?rest_route=%2Fwp%2Fv2%2Fcomments&post=49"}],"version-history":[{"count":0,"href":"https:\/\/www.kommentiert.at\/vote06\/index.php?rest_route=\/wp\/v2\/posts\/49\/revisions"}],"wp:attachment":[{"href":"https:\/\/www.kommentiert.at\/vote06\/index.php?rest_route=%2Fwp%2Fv2%2Fmedia&parent=49"}],"wp:term":[{"taxonomy":"category","embeddable":true,"href":"https:\/\/www.kommentiert.at\/vote06\/index.php?rest_route=%2Fwp%2Fv2%2Fcategories&post=49"},{"taxonomy":"post_tag","embeddable":true,"href":"https:\/\/www.kommentiert.at\/vote06\/index.php?rest_route=%2Fwp%2Fv2%2Ftags&post=49"}],"curies":[{"name":"wp","href":"https:\/\/api.w.org\/{rel}","templated":true}]}}