{"id":43,"date":"2006-09-23T14:05:00","date_gmt":"2006-09-23T12:05:00","guid":{"rendered":"http:\/\/www.kommentiert.at\/vote06\/?p=43"},"modified":"2006-09-23T14:05:00","modified_gmt":"2006-09-23T12:05:00","slug":"eine-nicht-ganz-aktuelle-umfrage","status":"publish","type":"post","link":"https:\/\/www.kommentiert.at\/vote06\/?p=43","title":{"rendered":"eine nicht ganz aktuelle umfrage&#8230;"},"content":{"rendered":"<p><a href=\"http:\/\/www.tirol.com\/system\/galleries\/upload\/specials\/wahlen\/46136\/0196045_2-gross.jpg\"><img decoding=\"async\" style=\"margin: 0pt 10px 10px 0pt; float: left; cursor: pointer; width: 162px; height: 124px;\" src=\"http:\/\/www.tirol.com\/system\/galleries\/upload\/specials\/wahlen\/46136\/0196045_2-gross.jpg\" alt=\"\" border=\"0\" \/><\/a>\u00f6vp 39%, sp\u00f6 36%, gr\u00fcne 11%, fp\u00f6 10% &#8211; so lautet nicht etwa die j\u00fcngste prognose der meinungsforscher, so <span style=\"font-style: italic;\">lautete <\/span>eine umfrage f\u00fcr das magazin &#8222;profil&#8220; vor den nationalratswahlen im november des jahres 2002. &#8222;profil&#8220;-cover damals: &#8222;showdown &#8211; das brutale wahlkampf-finale: \u00f6vp knapp vor sp\u00f6 &#8211; kann gusenbauer den kanzler noch abfangen?&#8220;<\/p>\n<blockquote style=\"font-family: courier new;\"><p>showdown &#8211; das brutale wahlkampf-finale: \u00f6vp knapp vor sp\u00f6 &#8211; kann gusenbauer den kanzler noch abfangen?<\/p><\/blockquote>\n<p>im blattinneren war dann von einem &#8222;fotofinish&#8220; die rede, alfred gusenbauer wurde f\u00fcr sein tv-duell mit wolfgang sch\u00fcssel gelobt, in dem er &#8222;stark gepunktet&#8220; h\u00e4tte (in der zweiten auflage, knapp vier jahre sp\u00e4ter war dies nicht wirklich der fall &#8211; <span style=\"font-style: italic;\">vote06<\/span> berichtete). &#8222;jetzt ist das rennen wieder v\u00f6llig offen&#8220;, schrieb &#8222;profil&#8220;.<\/p>\n<blockquote style=\"font-family: courier new;\"><p>jetzt ist das rennen wieder v\u00f6llig offen.<\/p><\/blockquote>\n<p>ein wenig get\u00e4uscht hat man sich damals schon. die \u00f6vp gewann die wahlen bekanntlich haushoch, der zweiten auflage von schwarz-blau war der weg geebnet. nur die umfragen gleichen sich erstaunlich. (cdw)<\/p>\n<p><span style=\"font-size:85%;\">material \/ zitate: profil nr. 47, 18. november 2002<\/p>\n<p>foto: tirol.com<\/p>\n<p>webtipp:<br \/><a href=\"http:\/\/www.profil.at\">http:\/\/www.profil.at<\/a><\/span><\/p>\n","protected":false},"excerpt":{"rendered":"<p>\u00f6vp 39%, sp\u00f6 36%, gr\u00fcne 11%, fp\u00f6 10% &#8211; so lautet nicht etwa die j\u00fcngste prognose der meinungsforscher, so lautete eine umfrage f\u00fcr das magazin &#8222;profil&#8220; vor den nationalratswahlen im november des jahres 2002. &#8222;profil&#8220;-cover damals: &#8222;showdown &#8211; das brutale wahlkampf-finale: \u00f6vp knapp vor sp\u00f6 &#8211; kann gusenbauer den kanzler noch abfangen?&#8220; showdown &#8211; das&hellip; <a class=\"more-link\" href=\"https:\/\/www.kommentiert.at\/vote06\/?p=43\"><span class=\"screen-reader-text\">eine nicht ganz aktuelle umfrage&#8230;<\/span> weiterlesen<\/a><\/p>\n","protected":false},"author":2,"featured_media":0,"comment_status":"open","ping_status":"open","sticky":false,"template":"","format":"standard","meta":{"footnotes":""},"categories":[1],"tags":[],"class_list":["post-43","post","type-post","status-publish","format-standard","hentry","category-allgemein","entry"],"_links":{"self":[{"href":"https:\/\/www.kommentiert.at\/vote06\/index.php?rest_route=\/wp\/v2\/posts\/43","targetHints":{"allow":["GET"]}}],"collection":[{"href":"https:\/\/www.kommentiert.at\/vote06\/index.php?rest_route=\/wp\/v2\/posts"}],"about":[{"href":"https:\/\/www.kommentiert.at\/vote06\/index.php?rest_route=\/wp\/v2\/types\/post"}],"author":[{"embeddable":true,"href":"https:\/\/www.kommentiert.at\/vote06\/index.php?rest_route=\/wp\/v2\/users\/2"}],"replies":[{"embeddable":true,"href":"https:\/\/www.kommentiert.at\/vote06\/index.php?rest_route=%2Fwp%2Fv2%2Fcomments&post=43"}],"version-history":[{"count":0,"href":"https:\/\/www.kommentiert.at\/vote06\/index.php?rest_route=\/wp\/v2\/posts\/43\/revisions"}],"wp:attachment":[{"href":"https:\/\/www.kommentiert.at\/vote06\/index.php?rest_route=%2Fwp%2Fv2%2Fmedia&parent=43"}],"wp:term":[{"taxonomy":"category","embeddable":true,"href":"https:\/\/www.kommentiert.at\/vote06\/index.php?rest_route=%2Fwp%2Fv2%2Fcategories&post=43"},{"taxonomy":"post_tag","embeddable":true,"href":"https:\/\/www.kommentiert.at\/vote06\/index.php?rest_route=%2Fwp%2Fv2%2Ftags&post=43"}],"curies":[{"name":"wp","href":"https:\/\/api.w.org\/{rel}","templated":true}]}}