{"id":33,"date":"2006-09-25T20:17:00","date_gmt":"2006-09-25T18:17:00","guid":{"rendered":"http:\/\/www.kommentiert.at\/vote06\/?p=33"},"modified":"2006-09-25T20:17:00","modified_gmt":"2006-09-25T18:17:00","slug":"derstandard-liste-8","status":"publish","type":"post","link":"https:\/\/www.kommentiert.at\/vote06\/?p=33","title":{"rendered":"DerStandard &#8211; liste 8&#8230;"},"content":{"rendered":"<p>einen ungew\u00f6hnlichen weg in der berichterstatung zu den nationalratswahlen ging heute wieder einmal die tageszeitung DerStandard, welche ein b\u00fcndel an zw\u00f6lf reform-empfehlungen f\u00fcr eine zuk\u00fcnftige bundesregierung pr\u00e4sentiert, welches gleichzeitig einem wahlprogramm gleicht. auch wenn DerStandard damit nicht als liste 8 zu den wahlen antritt, lohnt sich ein blick auf die vorschl\u00e4ge der redaktion der qualit\u00e4tszeitung.<\/p>\n<div style=\"text-align: center;\"><a href=\"http:\/\/www.sosmitmensch.at\/static\/www\/images\/derstandard.gif\"><img decoding=\"async\" style=\"margin: 0pt 10px 10px 0pt; cursor: pointer; width: 220px;\" src=\"http:\/\/www.sosmitmensch.at\/static\/www\/images\/derstandard.gif\" alt=\"\" border=\"0\" \/><\/a><\/div>\n<p>die themen bieten dabei ein \u00e4hnliches spektrum wie jenes der bei vote06 analysierten wahlprogramme der parteien: vom arbeitsmarkt, bis zu bildung, pensionen und pflege sind alle highlights dieses wahlkampfes vertreten. in der arbeitsmarktpolitik werden dabei ein qualifizierungspaket f\u00fcr arbeitslose sowie eine entlastung kleinerer und mittlerer einkommen bzw. der kleinst- und kleinbetriebe gefordert. eine ganzheitliche wirtschaftspolitische strategie mit fokus auf bildung, forschung und infrastruktur soll ihren teil zum wirtschaftlichen aufschwung beitragen. ein ausbau der mindestsicherung soll die armutsgefahr im alter reduzieren, ein ansetzen an vielen hebeln wie subventionen, steuerabsatzbarkeit oder der staatlichen pflegeversicherung soll in der pflegeproblematik ein konkurrenzf\u00e4higes, legales pflegeangebot erm\u00f6glichen. die sicherung einer nachhaltigen, solidarischen finanzierung des gesundheitssystems stehen ebenso wie eine generalsanierung der bildungsarchitektur oder ein umdenken ins ausl\u00e4nderfragen auf der agenda. ein gesetzliches mindestlohn, die f\u00f6rderung von frauen beim wiedereinstieg in den beruf sowie eine reform des kindergelds stellen frauen- und familienpolitische herausforderungen dar. energiepolitik, kulturf\u00f6rderung, verwaltungsreform und eine l\u00f6sung in der k\u00e4rnter ortstafelfrage runden das ambitionierte und interessante, aber in einzelpunkten wenig konkrete reformprogramm ab, welches man unter dem angef\u00fcgten link selbst genauer studieren kann&#8230; (LAN)<\/p>\n<p><span style=\"font-size:85%;\">webtipp: das reformprogramm des standard<br \/><a href=\"http:\/\/derstandard.at\/?id=2599729\">http:\/\/derstandard.at\/?id=2599729 <\/a><\/span><\/p>\n","protected":false},"excerpt":{"rendered":"<p>einen ungew\u00f6hnlichen weg in der berichterstatung zu den nationalratswahlen ging heute wieder einmal die tageszeitung DerStandard, welche ein b\u00fcndel an zw\u00f6lf reform-empfehlungen f\u00fcr eine zuk\u00fcnftige bundesregierung pr\u00e4sentiert, welches gleichzeitig einem wahlprogramm gleicht. auch wenn DerStandard damit nicht als liste 8 zu den wahlen antritt, lohnt sich ein blick auf die vorschl\u00e4ge der redaktion der qualit\u00e4tszeitung.&hellip; <a class=\"more-link\" href=\"https:\/\/www.kommentiert.at\/vote06\/?p=33\"><span class=\"screen-reader-text\">DerStandard &#8211; liste 8&#8230;<\/span> weiterlesen<\/a><\/p>\n","protected":false},"author":2,"featured_media":0,"comment_status":"open","ping_status":"open","sticky":false,"template":"","format":"standard","meta":{"footnotes":""},"categories":[1],"tags":[],"class_list":["post-33","post","type-post","status-publish","format-standard","hentry","category-allgemein","entry"],"_links":{"self":[{"href":"https:\/\/www.kommentiert.at\/vote06\/index.php?rest_route=\/wp\/v2\/posts\/33","targetHints":{"allow":["GET"]}}],"collection":[{"href":"https:\/\/www.kommentiert.at\/vote06\/index.php?rest_route=\/wp\/v2\/posts"}],"about":[{"href":"https:\/\/www.kommentiert.at\/vote06\/index.php?rest_route=\/wp\/v2\/types\/post"}],"author":[{"embeddable":true,"href":"https:\/\/www.kommentiert.at\/vote06\/index.php?rest_route=\/wp\/v2\/users\/2"}],"replies":[{"embeddable":true,"href":"https:\/\/www.kommentiert.at\/vote06\/index.php?rest_route=%2Fwp%2Fv2%2Fcomments&post=33"}],"version-history":[{"count":0,"href":"https:\/\/www.kommentiert.at\/vote06\/index.php?rest_route=\/wp\/v2\/posts\/33\/revisions"}],"wp:attachment":[{"href":"https:\/\/www.kommentiert.at\/vote06\/index.php?rest_route=%2Fwp%2Fv2%2Fmedia&parent=33"}],"wp:term":[{"taxonomy":"category","embeddable":true,"href":"https:\/\/www.kommentiert.at\/vote06\/index.php?rest_route=%2Fwp%2Fv2%2Fcategories&post=33"},{"taxonomy":"post_tag","embeddable":true,"href":"https:\/\/www.kommentiert.at\/vote06\/index.php?rest_route=%2Fwp%2Fv2%2Ftags&post=33"}],"curies":[{"name":"wp","href":"https:\/\/api.w.org\/{rel}","templated":true}]}}