{"id":23,"date":"2006-09-27T17:46:00","date_gmt":"2006-09-27T15:46:00","guid":{"rendered":"http:\/\/www.kommentiert.at\/vote06\/?p=23"},"modified":"2006-09-27T17:46:00","modified_gmt":"2006-09-27T15:46:00","slug":"aufregung-am-schockl","status":"publish","type":"post","link":"https:\/\/www.kommentiert.at\/vote06\/?p=23","title":{"rendered":"aufregung am sch\u00f6ckl&#8230;"},"content":{"rendered":"<p><span style=\"font-size:85%;\">vote06-wahlsplitter<\/span><\/p>\n<p><a href=\"http:\/\/www.kleine.at\/system\/galleries\/upload\/6\/7\/6\/222654\/100CANON-IMG_0584.jpg\"><img decoding=\"async\" style=\"margin: 0px auto 10px; display: block; text-align: center; cursor: pointer; width: 320px;\" src=\"http:\/\/www.kleine.at\/system\/galleries\/upload\/6\/7\/6\/222654\/100CANON-IMG_0584.jpg\" alt=\"\" border=\"0\" \/><\/a><br \/>aufregung am grazer hausberg sch\u00f6ckl: offenbar \u00fcber nacht wurden religi\u00f6se symbole am gipfelkreuz montiert &#8211; bemalte holzspantafeln mit islamischen, buddhistischen, hinduistischen und j\u00fcdischen symbolen waren an den halteseilen des gipfelkreuzes angebracht. das werk bisher unbekannter wurde von der polizei semriach entfernt, sachschaden entstand keiner. warum die tafeln aufgeh\u00e4ngt wurden, ist unklar.<\/p>\n<p><span style=\"font-style: italic;\">was wird westi dazu sagen? <\/span>(cdw)<\/p>\n<p><span style=\"font-size:85%;\">foto: polizei graz<\/p>\n<p>webtipps:<br \/><a href=\"http:\/\/www.kleine.at\/regionen\/steiermark\/graz\/222654\/index.do\">http:\/\/www.kleine.at\/regionen\/steiermark\/graz\/222654\/index.do<\/a><br \/><a href=\"http:\/\/steiermark.orf.at\/stories\/139540\/\">http:\/\/steiermark.orf.at\/stories\/139540\/<\/a><\/span><\/span><\/p>\n","protected":false},"excerpt":{"rendered":"<p>vote06-wahlsplitter aufregung am grazer hausberg sch\u00f6ckl: offenbar \u00fcber nacht wurden religi\u00f6se symbole am gipfelkreuz montiert &#8211; bemalte holzspantafeln mit islamischen, buddhistischen, hinduistischen und j\u00fcdischen symbolen waren an den halteseilen des gipfelkreuzes angebracht. das werk bisher unbekannter wurde von der polizei semriach entfernt, sachschaden entstand keiner. warum die tafeln aufgeh\u00e4ngt wurden, ist unklar. was wird westi&hellip; <a class=\"more-link\" href=\"https:\/\/www.kommentiert.at\/vote06\/?p=23\"><span class=\"screen-reader-text\">aufregung am sch\u00f6ckl&#8230;<\/span> weiterlesen<\/a><\/p>\n","protected":false},"author":2,"featured_media":0,"comment_status":"open","ping_status":"open","sticky":false,"template":"","format":"standard","meta":{"footnotes":""},"categories":[1],"tags":[],"class_list":["post-23","post","type-post","status-publish","format-standard","hentry","category-allgemein","entry"],"_links":{"self":[{"href":"https:\/\/www.kommentiert.at\/vote06\/index.php?rest_route=\/wp\/v2\/posts\/23","targetHints":{"allow":["GET"]}}],"collection":[{"href":"https:\/\/www.kommentiert.at\/vote06\/index.php?rest_route=\/wp\/v2\/posts"}],"about":[{"href":"https:\/\/www.kommentiert.at\/vote06\/index.php?rest_route=\/wp\/v2\/types\/post"}],"author":[{"embeddable":true,"href":"https:\/\/www.kommentiert.at\/vote06\/index.php?rest_route=\/wp\/v2\/users\/2"}],"replies":[{"embeddable":true,"href":"https:\/\/www.kommentiert.at\/vote06\/index.php?rest_route=%2Fwp%2Fv2%2Fcomments&post=23"}],"version-history":[{"count":0,"href":"https:\/\/www.kommentiert.at\/vote06\/index.php?rest_route=\/wp\/v2\/posts\/23\/revisions"}],"wp:attachment":[{"href":"https:\/\/www.kommentiert.at\/vote06\/index.php?rest_route=%2Fwp%2Fv2%2Fmedia&parent=23"}],"wp:term":[{"taxonomy":"category","embeddable":true,"href":"https:\/\/www.kommentiert.at\/vote06\/index.php?rest_route=%2Fwp%2Fv2%2Fcategories&post=23"},{"taxonomy":"post_tag","embeddable":true,"href":"https:\/\/www.kommentiert.at\/vote06\/index.php?rest_route=%2Fwp%2Fv2%2Ftags&post=23"}],"curies":[{"name":"wp","href":"https:\/\/api.w.org\/{rel}","templated":true}]}}