{"id":141,"date":"2006-08-18T10:37:00","date_gmt":"2006-08-18T08:37:00","guid":{"rendered":"http:\/\/www.kommentiert.at\/vote06\/?p=141"},"modified":"2006-08-18T10:37:00","modified_gmt":"2006-08-18T08:37:00","slug":"busek-warnt-vor-strache","status":"publish","type":"post","link":"https:\/\/www.kommentiert.at\/vote06\/?p=141","title":{"rendered":"busek warnt vor strache&#8230;"},"content":{"rendered":"<p>der ehemalige \u00f6vp-chef erhard busek warnt seine partei vor einer koalition mit der fp\u00f6 von hans-christian strache: &#8222;ich war f\u00fcr die fp\u00f6 in der ersten runde &#8211; nicht in der zweiten.&#8220; busek meint, die \u00f6vp m\u00fcsse die lehre der letzten sechs jahre ziehen. der ehemalige vizekanzler und chef des forum alpach empfiehlt seiner partei, nach den nationalratswahlen am 1. oktober mit den gr\u00fcnen zu verhandeln. insgesamt k\u00f6nnte es f\u00fcr die \u00f6vp schwierig werden, nach der wahl \u00fcberhaupt einen koalitonspartner zu finden. f\u00fcr die gr\u00fcnen k\u00f6nne regieren letztlich &#8222;dasselbe<a href=\"http:\/\/www.wieser-verlag.com\/Autoren\/Busek\/Busekerh.jpg\"><img decoding=\"async\" style=\"FLOAT: right; MARGIN: 0px 0px 10px 10px; WIDTH: 99px; CURSOR: hand; HEIGHT: 115px\" height=\"135\" alt=\"\" src=\"http:\/\/www.wieser-verlag.com\/Autoren\/Busek\/Busekerh.jpg\" border=\"0\" \/><\/a> problem bedeuten, wie es das f\u00fcr die fp\u00f6 war&#8220;.<br \/>indes warnen fp\u00f6 und gr\u00fcne gegenseitig voreinander. auf den listen der fp\u00f6 f\u00e4nden sich viele burschenschafter, die am rechten Rand des politischen spektrums ihre heimat h\u00e4tten, sagt karl \u00f6llinger, nationalratsabgeordneter der gr\u00fcnen. alle \u00f6sterreicher, die nicht die &#8222;multikulti-fantasterei&#8220; der gr\u00fcnen teilen w\u00fcrden, w\u00fcrden bei einer regierungsbeteiligung der gr\u00fcnen als &#8222;b\u00f6se rechte erfasst werden&#8220;, konterte fp\u00f6-generalsekret\u00e4r harald vilimsky. (cdw)<\/p>\n<p><span style=\"font-size:85%;\">foto: jacqueline godany<\/p>\n<p>webtipps:<br \/><\/span><a href=\"http:\/\/www.diepresse.com\/Artikel.aspx?channel=p&#038;ressort=ip&#038;id=578875\"><span style=\"font-size:85%;\">http:\/\/www.diepresse.com\/Artikel.aspx?channel=p&#038;ressort=ip&#038;id=578875<\/span><\/a><span style=\"font-size:85%;\"><br \/><\/span><a href=\"http:\/\/derstandard.at\/?id=2554938\"><span style=\"font-size:85%;\">http:\/\/derstandard.at\/?id=2554938<\/span><\/a><span style=\"font-size:85%;\"> <\/span><\/p>\n","protected":false},"excerpt":{"rendered":"<p>der ehemalige \u00f6vp-chef erhard busek warnt seine partei vor einer koalition mit der fp\u00f6 von hans-christian strache: &#8222;ich war f\u00fcr die fp\u00f6 in der ersten runde &#8211; nicht in der zweiten.&#8220; busek meint, die \u00f6vp m\u00fcsse die lehre der letzten sechs jahre ziehen. der ehemalige vizekanzler und chef des forum alpach empfiehlt seiner partei, nach&hellip; <a class=\"more-link\" href=\"https:\/\/www.kommentiert.at\/vote06\/?p=141\"><span class=\"screen-reader-text\">busek warnt vor strache&#8230;<\/span> weiterlesen<\/a><\/p>\n","protected":false},"author":2,"featured_media":0,"comment_status":"open","ping_status":"open","sticky":false,"template":"","format":"standard","meta":{"footnotes":""},"categories":[1],"tags":[],"class_list":["post-141","post","type-post","status-publish","format-standard","hentry","category-allgemein","entry"],"_links":{"self":[{"href":"https:\/\/www.kommentiert.at\/vote06\/index.php?rest_route=\/wp\/v2\/posts\/141","targetHints":{"allow":["GET"]}}],"collection":[{"href":"https:\/\/www.kommentiert.at\/vote06\/index.php?rest_route=\/wp\/v2\/posts"}],"about":[{"href":"https:\/\/www.kommentiert.at\/vote06\/index.php?rest_route=\/wp\/v2\/types\/post"}],"author":[{"embeddable":true,"href":"https:\/\/www.kommentiert.at\/vote06\/index.php?rest_route=\/wp\/v2\/users\/2"}],"replies":[{"embeddable":true,"href":"https:\/\/www.kommentiert.at\/vote06\/index.php?rest_route=%2Fwp%2Fv2%2Fcomments&post=141"}],"version-history":[{"count":0,"href":"https:\/\/www.kommentiert.at\/vote06\/index.php?rest_route=\/wp\/v2\/posts\/141\/revisions"}],"wp:attachment":[{"href":"https:\/\/www.kommentiert.at\/vote06\/index.php?rest_route=%2Fwp%2Fv2%2Fmedia&parent=141"}],"wp:term":[{"taxonomy":"category","embeddable":true,"href":"https:\/\/www.kommentiert.at\/vote06\/index.php?rest_route=%2Fwp%2Fv2%2Fcategories&post=141"},{"taxonomy":"post_tag","embeddable":true,"href":"https:\/\/www.kommentiert.at\/vote06\/index.php?rest_route=%2Fwp%2Fv2%2Ftags&post=141"}],"curies":[{"name":"wp","href":"https:\/\/api.w.org\/{rel}","templated":true}]}}