{"id":130,"date":"2006-08-22T22:35:00","date_gmt":"2006-08-22T20:35:00","guid":{"rendered":"http:\/\/www.kommentiert.at\/vote06\/?p=130"},"modified":"2006-08-22T22:35:00","modified_gmt":"2006-08-22T20:35:00","slug":"ein-sommer-wie-damals","status":"publish","type":"post","link":"https:\/\/www.kommentiert.at\/vote06\/?p=130","title":{"rendered":"ein sommer wie damals&#8230;"},"content":{"rendered":"<p><a href=\"http:\/\/www.bzoe.at\/news\/images\/lg_peter-westenthaler-02.jpg\"><img decoding=\"async\" style=\"margin: 0pt 0pt 10px 10px; float: right; cursor: pointer; width: 160px; height: 160px;\" src=\"http:\/\/www.bzoe.at\/news\/images\/lg_peter-westenthaler-02.jpg\" alt=\"\" border=\"0\" \/><\/a>sommergespr\u00e4ch, zweiter teil: als &#8222;original freiheitlicher&#8220; angek\u00fcndigt, zur gro\u00dfen \u00fcberraschung weder in blau noch in orange sondern mit schwarzem sakko und wei\u00dfem hemd, jedoch ohne krawatte gibt sich peter westenthaler im studio sehr leger. neben ihm ein schild mit blauem schriftzug &#8222;die freiheitlichen, liste westenthaler&#8220; mit einem kleinen, unter der lupe als bz\u00f6-logo entzifferbaren orangen fleck.<\/p>\n<p>das sommergespr\u00e4ch beginnt mit einem hinweis auf die fu\u00dfball-gegenveranstaltung auf orf1, das thema fu\u00dfball sollte sich ebenso wie ein roter faden durch die sendung ziehen wie peter westenthalers enth\u00fcllung von monika lindners &#8222;privilegienvertrag&#8220;, welcher der orf-generaldirektorin ein jahresgehalt von 370.000 euro bescheinigt. die ersten minuten des sommergespr\u00e4chs sind von einem gegenseitigen abtasten gekennzeichnet, wobei sich westenthaler mit seinem aggressiven auftreten gegen\u00fcber gabi waldner wenig gentleman-like gibt. westenthaler, seines zeichens das &#8222;lebendige beispiel f\u00fcr den privilegienabbau in \u00f6sterreich&#8220;, will sich f\u00fcr keine entscheidungen innerhalb des fp\u00f6- bzw. bz\u00f6-regierungsteams w\u00e4hrend seiner politischen abwesenheit rechtfertigen und fordert ebenso wie hc strache letzte woche von gabi waldner vehemment sachthemen, welche er mit fortdauer der sendung auch bekommen sollte.<\/p>\n<p>quasi als einstandsgeschenk wurde westenthaler mit der ausl\u00e4nderfrage sein vermeintliches paradethema serviert, \u00e4hnlich wie hc strache im ersten sommergespr\u00e4ch liegt auch westenthalers strategie hierbei in einer differenzierung der ausl\u00e4nder: gesetzesbrecher, illegale, integrationsunwillige und langzeitsarbeitslose sollten aus \u00f6sterreich verwiesen und die bestehenden gesetze st\u00e4rker exekutiert werden. nachdem gabi waldner ein taferl von peter westenthaler mit ihrem eigenen taferl korrigiert und peter westenthaler diesem faux-pas nur schwer mit einer inhaltlichen ablenkung auf seine wahlziele zu entkommen versucht, kommt der darauf folgende themenwechsel zum thema pflege gelegen. als einzige partei trete das bz\u00f6 hierbei gegen eine legalisierung illegaler pfleger ein, stattdessen fordere man eine au-pair-l\u00f6sung sowie eine umschulung von arbeitslosen zu pflegern &#8211; zumindest der preis f\u00fcr den realit\u00e4tsfernsten vorschlag zur l\u00f6sung der pflegeproblematik ist dem bz\u00f6 damit wahrscheinlich sicher. ebensowenig \u00fcberzeugend versucht westenthaler im sozialbereich die bescheidenen leistungen seiner sozialminister gro\u00dfzureden sowie beim anstieg an sozialhilfeempf\u00e4ngern der roten wiener landesregierung die schuld in die schuhe zu schieben.<\/p>\n<p>summa summarum l\u00e4sst sich der auftritt westenthalers als eine mischung von verdrehung der interviewfragen, wiederkehrenden platit\u00fcden und einem an arroganz grenzenden selbstvertrauen, vermischt mit einer geh\u00f6rigen politischen scheinheiligkeit sowie zur abwechslung ein wenig vom bekannten westenthalerischen schm\u00e4h beschreiben &#8211; kurzum: westi heute wie damals, m\u00f6glicherweise wie angek\u00fcndigt ein &#8222;original freiheitlicher&#8220;, auf jeden fall jedoch ein &#8222;original westenthaler&#8220;. ob es jedoch geschickt ist w\u00e4hrend des gesamten sommergespr\u00e4chs auf konfrontationskurs mit gabi waldner zu gehen und dieser abschlie\u00dfend wenig charmant ein &#8222;\u00fcberhebliches l\u00e4cheln&#8220; zu unterstellen (woraufhin diese westenthaler ein benehmen wie marco materazzi unterstellt und westi schon den kopfsto\u00df der journalistin erwartet), sei dahingestellt. zumindest bei der frage nach der befindlichkeit des bz\u00f6 d\u00fcrfte sich waldner mit westenthalers antwort &#8222;die gl\u00e4srigkeit in ihren augen zeigt mir dass sie sich um uns k\u00fcmmern&#8220; gelinde gesagt etwas &#8222;verarscht&#8220; gef\u00fchlt haben. stellt sich nur mehr die frage ob jemand mitgez\u00e4hlt hat, wie oft der penetrante westenthaler auf das gehalt der orf-generaldirektorin hingewiesen hat? (LAN)<\/p>\n<p><span style=\"font-weight: bold;\">update am tag danach:<\/span><br \/>laut bz\u00f6-presseaussendung schlug westenthaler mit einer einschaltquote von 622.000 zuschauern sowohl die gef\u00fcrchtete parallelveranstaltung champions league (429.000) als auch hc straches sommergespr\u00e4ch (450.000). wer wei\u00df, h\u00e4tte man das sommergespr\u00e4ch etwas sp\u00e4ter angesetzt als die wiener austria schon 0:3 zur\u00fccklag und das nicht minder erfolglose zweite champions league qualifikationsspiel ohne wesentlicher \u00f6sterreichischer beteiligung lief, h\u00e4tte westi vielleicht sogar die millionengrenze geschafft. spa\u00df beiseite: auf jeden fall zeigt dies, dass das interesse an westenthaler und damit dem bz\u00f6 gegeben ist und westenthaler d\u00fcrfte seine anh\u00e4nger mit seinem gestrigen auftritt nicht entt\u00e4uscht haben. (LAN)<\/p>\n<p><span style=\"font-style: italic;font-size:85%;\" >foto: bz\u00f6<\/span><\/p>\n","protected":false},"excerpt":{"rendered":"<p>sommergespr\u00e4ch, zweiter teil: als &#8222;original freiheitlicher&#8220; angek\u00fcndigt, zur gro\u00dfen \u00fcberraschung weder in blau noch in orange sondern mit schwarzem sakko und wei\u00dfem hemd, jedoch ohne krawatte gibt sich peter westenthaler im studio sehr leger. neben ihm ein schild mit blauem schriftzug &#8222;die freiheitlichen, liste westenthaler&#8220; mit einem kleinen, unter der lupe als bz\u00f6-logo entzifferbaren orangen&hellip; <a class=\"more-link\" href=\"https:\/\/www.kommentiert.at\/vote06\/?p=130\"><span class=\"screen-reader-text\">ein sommer wie damals&#8230;<\/span> weiterlesen<\/a><\/p>\n","protected":false},"author":2,"featured_media":0,"comment_status":"open","ping_status":"open","sticky":false,"template":"","format":"standard","meta":{"footnotes":""},"categories":[1],"tags":[],"class_list":["post-130","post","type-post","status-publish","format-standard","hentry","category-allgemein","entry"],"_links":{"self":[{"href":"https:\/\/www.kommentiert.at\/vote06\/index.php?rest_route=\/wp\/v2\/posts\/130","targetHints":{"allow":["GET"]}}],"collection":[{"href":"https:\/\/www.kommentiert.at\/vote06\/index.php?rest_route=\/wp\/v2\/posts"}],"about":[{"href":"https:\/\/www.kommentiert.at\/vote06\/index.php?rest_route=\/wp\/v2\/types\/post"}],"author":[{"embeddable":true,"href":"https:\/\/www.kommentiert.at\/vote06\/index.php?rest_route=\/wp\/v2\/users\/2"}],"replies":[{"embeddable":true,"href":"https:\/\/www.kommentiert.at\/vote06\/index.php?rest_route=%2Fwp%2Fv2%2Fcomments&post=130"}],"version-history":[{"count":0,"href":"https:\/\/www.kommentiert.at\/vote06\/index.php?rest_route=\/wp\/v2\/posts\/130\/revisions"}],"wp:attachment":[{"href":"https:\/\/www.kommentiert.at\/vote06\/index.php?rest_route=%2Fwp%2Fv2%2Fmedia&parent=130"}],"wp:term":[{"taxonomy":"category","embeddable":true,"href":"https:\/\/www.kommentiert.at\/vote06\/index.php?rest_route=%2Fwp%2Fv2%2Fcategories&post=130"},{"taxonomy":"post_tag","embeddable":true,"href":"https:\/\/www.kommentiert.at\/vote06\/index.php?rest_route=%2Fwp%2Fv2%2Ftags&post=130"}],"curies":[{"name":"wp","href":"https:\/\/api.w.org\/{rel}","templated":true}]}}