{"id":116,"date":"2006-08-28T15:03:00","date_gmt":"2006-08-28T13:03:00","guid":{"rendered":"http:\/\/www.kommentiert.at\/vote06\/?p=116"},"modified":"2006-08-28T15:03:00","modified_gmt":"2006-08-28T13:03:00","slug":"bleibt-platz-drei-frei","status":"publish","type":"post","link":"https:\/\/www.kommentiert.at\/vote06\/?p=116","title":{"rendered":"bleibt platz drei frei?&#8230;"},"content":{"rendered":"<p><a href=\"http:\/\/www.uni-kiel.de\/flhsg\/dateien\/wahlkreuz.gif\"><img decoding=\"async\" style=\"margin: 0pt 10px 10px 0pt; float: left; cursor: pointer; width: 73px; height: 80px;\" src=\"http:\/\/www.uni-kiel.de\/flhsg\/dateien\/wahlkreuz.gif\" alt=\"\" border=\"0\" \/><\/a>wie aus einem gutachten des innenministeriums hervorgeht, soll der dritte listenplatz auf dem stimmzettel f\u00fcr die nationalratswahl am 1. oktober frei bleiben. das bz\u00f6, dem j\u00fcngst der dritte listenplatz zugesprochen wurde, soll den f\u00fcnften rang hinter den gr\u00fcnen erhalten, die fp\u00f6 den sechsten, berichtet die &#8222;kleine zeitung&#8220;. die bundeswahlbeh\u00f6rde wird am mittwoch \u00fcber die empfehlung des verfassungsrechtlers johannes hengstschl\u00e4ger von der johannes-kepler universit\u00e4t linz entscheiden. henstschl\u00e4gers rat hatte innenministerrin liese prokop (\u00f6vp) unl\u00e4ngst auch als grundlage f\u00fcr die entscheidung genommen, dem bz\u00f6 statt der fp\u00f6 einen sitz in der bundeswahlbeh\u00f6rde zuzuteilen.<\/p>\n<blockquote><p><span style=\"font-family:courier new;\">die fp\u00f6 wird die ganze breite der rechtsmittel aussch\u00f6pfen.<\/span><\/p><\/blockquote>\n<p>die fp\u00f6 \u00fcbt jetzt auch heftige kritik am vorschlag des verfassungsjuristen, den dritten listenplatz g\u00e4nzlich freizuhalten. in einer aussendung bezeichnete fp\u00f6-generalsekret\u00e4r harald vilimsky hengstschl\u00e4ger als &#8222;gef\u00e4lligkeitsgutachter&#8220;, der dem &#8222;\u00f6vp-rechtsbruch im innenministerium&#8220; offenbar weiter vorschub leiste. die fp\u00f6 werde die &#8222;ganze breite der rechtsmittel aussch\u00f6pfen&#8220; und eine feststellungsklage gegen den gutachter einbringen, k\u00fcndigte vilimsky an.<\/p>\n<p>sollte der dritte listenplatz am stimmzettel frei bleiben, hie\u00dfe das, dass es keinen rechtsnachfolger der wahlpartei fp\u00f6 aus dem jahr 2002 gebe. dass w\u00fcrde auch bedeuten, dass es eine rechtsgrundlage f\u00fcr die besetzung der bundeswahlbeh\u00f6rde mit dem bz\u00f6-vertreter g\u00fcnter barnet fehle, argumentiert vilimsky.<\/p>\n<p>das bz\u00f6 ist indes \u00fcberzeugt, dass ihm der dritte platz zusteht. mit dem ministerialbeschluss, einen einen vertreter seiner partei in die bundeswahlbeh\u00f6rde zu entsenden, sei auch diese frage gekl\u00e4rt worden, ist bz\u00f6-b\u00fcndnissprecher uwe scheuch \u00fcberzeugt.<\/p>\n<p><em>das theater um den dritten listenplatz am wahlzettel geht weiter. der vorschlag, ihn gleich freizulassen, ist an sich eine elegante l\u00f6sung. dass die fp\u00f6 damit keine freude hat und weiter &#8222;rechtsbruch&#8220; und &#8222;wahlbetrug&#8220; wettert, war allerdings zu erwarten. die verwirrung wird ebenso nicht kleiner: vielleicht werden die blauen und orangen w\u00e4hler am 1. oktober f\u00fcr lange schlangen vor den wahlkabinen sorgen.<\/em> (cdw)<\/p>\n<p><span style=\"font-size:85%;\">illustration: universit\u00e4t kiel<\/p>\n<p>webtipp:<\/span><br \/><a href=\"http:\/\/derstandard.at\/?id=2565934\"><span style=\"font-size:85%;\">http:\/\/derstandard.at\/?id=2565934<\/span><\/a><br \/><a href=\"http:\/\/www.kleine.at\/nachrichten\/politik\/195127\/index.do\"><span style=\"font-size:85%;\">http:\/\/www.kleine.at\/nachrichten\/politik\/195127\/index.do<\/span><\/a><\/p>\n","protected":false},"excerpt":{"rendered":"<p>wie aus einem gutachten des innenministeriums hervorgeht, soll der dritte listenplatz auf dem stimmzettel f\u00fcr die nationalratswahl am 1. oktober frei bleiben. das bz\u00f6, dem j\u00fcngst der dritte listenplatz zugesprochen wurde, soll den f\u00fcnften rang hinter den gr\u00fcnen erhalten, die fp\u00f6 den sechsten, berichtet die &#8222;kleine zeitung&#8220;. die bundeswahlbeh\u00f6rde wird am mittwoch \u00fcber die empfehlung&hellip; <a class=\"more-link\" href=\"https:\/\/www.kommentiert.at\/vote06\/?p=116\"><span class=\"screen-reader-text\">bleibt platz drei frei?&#8230;<\/span> weiterlesen<\/a><\/p>\n","protected":false},"author":2,"featured_media":0,"comment_status":"open","ping_status":"open","sticky":false,"template":"","format":"standard","meta":{"footnotes":""},"categories":[1],"tags":[],"class_list":["post-116","post","type-post","status-publish","format-standard","hentry","category-allgemein","entry"],"_links":{"self":[{"href":"https:\/\/www.kommentiert.at\/vote06\/index.php?rest_route=\/wp\/v2\/posts\/116","targetHints":{"allow":["GET"]}}],"collection":[{"href":"https:\/\/www.kommentiert.at\/vote06\/index.php?rest_route=\/wp\/v2\/posts"}],"about":[{"href":"https:\/\/www.kommentiert.at\/vote06\/index.php?rest_route=\/wp\/v2\/types\/post"}],"author":[{"embeddable":true,"href":"https:\/\/www.kommentiert.at\/vote06\/index.php?rest_route=\/wp\/v2\/users\/2"}],"replies":[{"embeddable":true,"href":"https:\/\/www.kommentiert.at\/vote06\/index.php?rest_route=%2Fwp%2Fv2%2Fcomments&post=116"}],"version-history":[{"count":0,"href":"https:\/\/www.kommentiert.at\/vote06\/index.php?rest_route=\/wp\/v2\/posts\/116\/revisions"}],"wp:attachment":[{"href":"https:\/\/www.kommentiert.at\/vote06\/index.php?rest_route=%2Fwp%2Fv2%2Fmedia&parent=116"}],"wp:term":[{"taxonomy":"category","embeddable":true,"href":"https:\/\/www.kommentiert.at\/vote06\/index.php?rest_route=%2Fwp%2Fv2%2Fcategories&post=116"},{"taxonomy":"post_tag","embeddable":true,"href":"https:\/\/www.kommentiert.at\/vote06\/index.php?rest_route=%2Fwp%2Fv2%2Ftags&post=116"}],"curies":[{"name":"wp","href":"https:\/\/api.w.org\/{rel}","templated":true}]}}