{"id":115,"date":"2006-08-28T23:14:00","date_gmt":"2006-08-28T21:14:00","guid":{"rendered":"http:\/\/www.kommentiert.at\/vote06\/?p=115"},"modified":"2006-08-28T23:14:00","modified_gmt":"2006-08-28T21:14:00","slug":"der-rote-zweckoptimist","status":"publish","type":"post","link":"https:\/\/www.kommentiert.at\/vote06\/?p=115","title":{"rendered":"der rote zweckoptimist&#8230;"},"content":{"rendered":"<p><a href=\"http:\/\/images.derstandard.at\/20060828\/Gusenbauer.jpg\"><img decoding=\"async\" style=\"margin: 0px auto 10px; display: block; text-align: center; cursor: pointer; width: 211px; height: 317px;\" src=\"http:\/\/images.derstandard.at\/20060828\/Gusenbauer.jpg\" alt=\"\" border=\"0\" \/><\/a><br \/>sp\u00f6-parteivorsitzender alfred gusenbauer \u00fcbt in einem interview mit dem &#8222;standard&#8220; harte kritik an der regierung sch\u00fcssel: &#8222;wenn man heute die \u00f6sterreicherinnen und \u00f6sterreicher fragt, ob das land in die richtige richtung gef\u00fchrt wird, sagt die gro\u00dfe mehrheit: nein. das ist die eigentliche bilanz einer regierung, die sozialabbau, bildungsabbau, ungel\u00f6ste gesundheitsfragen und einen kaputten arbeitsmarkt zu verantworten hat.&#8220;<\/p>\n<p>gusenbauer verspricht, sollte er bei den nationalratswahlen am 1. oktober die nase vorne haben, &#8222;ureigenstes sozialdemokratisches programm&#8220;, konkret eine gerechte verteilung des wohlstands, &#8222;arbeit f\u00fcr alle&#8220;, &#8222;mehr chancen&#8220; f\u00fcr die jugend und sicherheit im alter. das seien die &#8222;zentralen der bed\u00fcrfnisse der menschen&#8220;, in diesen bereichen h\u00e4tte die sp\u00f6 nicht nur die grunds\u00e4tzliche kompetenz, sondern auch die besseren programme.<\/p>\n<blockquote><p><span style=\"font-family:courier new;\">wolfgang sch\u00fcssel hat die w\u00e4hler bewusst betrogen.<\/span><\/p><\/blockquote>\n<p>die w\u00e4hler w\u00fcrden merken, dass sie bundeskanzler wolfgang sch\u00fcssel (\u00f6vp) &#8222;bewusst betrogen&#8220; h\u00e4tte, so gusenbauer. die bildungspolitik der bundesregierung w\u00e4re ein debakel, die arbeitsmarktpolitk trotz bester voraussetzungen ein debakel, die pensionen in ihrer kaufkraft um ein viertel gek\u00fcrzt worden. &#8222;das reicht doch, um nicht noch einmal auf diese regierung hereinzufallen&#8220;, so der sp\u00f6-spitzenkandidat.<\/p>\n<blockquote><p><span style=\"font-family:courier new;\">strache will in die opposition, dort soll er auch hin. das bz\u00f6 will au\u00dferparlamentarische opposition werden, das ist auch in ordnung. hans-peter martin hat sich der kontrolle des europ\u00e4ischen parlaments gewidmet. das soll er, wie angek\u00fcndigt, auch tun. der rest wird sich am wahlabend weisen.<\/span><\/p><\/blockquote>\n<p>gusenbauer sieht die zeit reif f\u00fcr einen politischen wechsel und gibt sich f\u00fcr den 1. oktober optimistisch: &#8222;ich bin \u00fcberzeugt, dass die sp\u00f6 die wahl gewinnen kann.&#8220; was m\u00f6gliche koaltionspartner angeht, h\u00e4lt er sich bedeckt: &#8222;mit denjenigen, die bereit sind, mit der sp\u00f6 ein st\u00fcck des weges der ver\u00e4nderung zu gehen.&#8220; ob das die \u00f6vp sein kann? das sei reine spekualtion, weil er nicht wisse, wie die \u00f6vp nach einer wahlniederlage aussehen wird. zu m\u00f6glichen anderen partnern \u00e4u\u00dfert sich gusenbauer nur ausweichend: &#8222;strache will in die opposition, dort soll er auch hin. das bz\u00f6 will au\u00dferparlamentarische opposition werden, das ist auch in ordnung. hans-peter martin hat sich der kontrolle des europ\u00e4ischen parlaments gewidmet. das soll er, wie angek\u00fcndigt, auch tun. der rest wird sich am wahlabend weisen.&#8220;<\/p>\n<p><em>&#8222;die zeit f\u00fcr einen wechsel&#8220;, &#8222;die menschen wollen eine ver\u00e4nderung&#8220;, &#8222;wolfgang sch\u00fcssel hat die menschen betrogen&#8220; &#8211; die phrasen von alfred gusenbauer sind fast so abgedroschen wie bundeskanzler wolfgang sch\u00fcssels (selbst-)lobeshymnen und sein sch\u00f6nreden von misst\u00e4nden wie derzeit im pflegebereich. pech nur, dass der sp\u00f6-spitzenkandidat weniger \u00fcberzeugungskraft und charisma hat. gusenbauer wirkt &#8211; mag er noch so intelligent sein &#8211; erschreckend hohl, wie ein roboter, der auswendig gelernte sager abspult, die mehr schlecht als recht beim w\u00e4hler ankommen. <\/em><\/p>\n<p><em>was die kritik an der bundesregierung angeht, mag gusenbauer (teilweise) recht haben, ob sich seine als wundermittel angepriesenen programme bew\u00e4hren werden\/w\u00fcrden, ist allerdings nicht zu \u00fcberpr\u00fcfen &#8211; 2002 jedenfalls ist die sp\u00f6 mit einem sehr \u00e4hnlichen programm angetreten &#8211; und hat verloren. er sei \u00fcberzeugt, dass die sp\u00f6 die wahlen gewinnen kann, sagt der &#8222;rote zweckoptimist&#8220; gusenbauer dem &#8222;standard&#8220;. k\u00f6nnen tut man viel&#8230;<\/em> (cdw)<\/p>\n<p><span style=\"font-size:85%;\">sp\u00f6-parteivorsitzender alfred gusenbauer im &#8222;standard&#8220;-interview mit samo kobenter:<\/span><br \/><a href=\"http:\/\/derstandard.at\/?id=2566612\"><span style=\"font-size:85%;\">http:\/\/derstandard.at\/?id=2566612<\/span><\/a><br \/><span style=\"font-size:85%;\"><\/span><br \/><span style=\"font-size:85%;\">foto: matthias cremer \/ der standard<\/p>\n<p>tv-tipp:<\/span><br \/><span style=\"font-size:85%;\">orf-sommergespr\u00e4ch: alfred gusenbauer stellt sich am dienstagabend den fragen von gabi waldner<\/span><br \/><span style=\"font-size:85%;\">21:05 uhr, orf 2<\/span><\/p>\n","protected":false},"excerpt":{"rendered":"<p>sp\u00f6-parteivorsitzender alfred gusenbauer \u00fcbt in einem interview mit dem &#8222;standard&#8220; harte kritik an der regierung sch\u00fcssel: &#8222;wenn man heute die \u00f6sterreicherinnen und \u00f6sterreicher fragt, ob das land in die richtige richtung gef\u00fchrt wird, sagt die gro\u00dfe mehrheit: nein. das ist die eigentliche bilanz einer regierung, die sozialabbau, bildungsabbau, ungel\u00f6ste gesundheitsfragen und einen kaputten arbeitsmarkt zu&hellip; <a class=\"more-link\" href=\"https:\/\/www.kommentiert.at\/vote06\/?p=115\"><span class=\"screen-reader-text\">der rote zweckoptimist&#8230;<\/span> weiterlesen<\/a><\/p>\n","protected":false},"author":2,"featured_media":0,"comment_status":"open","ping_status":"open","sticky":false,"template":"","format":"standard","meta":{"footnotes":""},"categories":[1],"tags":[],"class_list":["post-115","post","type-post","status-publish","format-standard","hentry","category-allgemein","entry"],"_links":{"self":[{"href":"https:\/\/www.kommentiert.at\/vote06\/index.php?rest_route=\/wp\/v2\/posts\/115","targetHints":{"allow":["GET"]}}],"collection":[{"href":"https:\/\/www.kommentiert.at\/vote06\/index.php?rest_route=\/wp\/v2\/posts"}],"about":[{"href":"https:\/\/www.kommentiert.at\/vote06\/index.php?rest_route=\/wp\/v2\/types\/post"}],"author":[{"embeddable":true,"href":"https:\/\/www.kommentiert.at\/vote06\/index.php?rest_route=\/wp\/v2\/users\/2"}],"replies":[{"embeddable":true,"href":"https:\/\/www.kommentiert.at\/vote06\/index.php?rest_route=%2Fwp%2Fv2%2Fcomments&post=115"}],"version-history":[{"count":0,"href":"https:\/\/www.kommentiert.at\/vote06\/index.php?rest_route=\/wp\/v2\/posts\/115\/revisions"}],"wp:attachment":[{"href":"https:\/\/www.kommentiert.at\/vote06\/index.php?rest_route=%2Fwp%2Fv2%2Fmedia&parent=115"}],"wp:term":[{"taxonomy":"category","embeddable":true,"href":"https:\/\/www.kommentiert.at\/vote06\/index.php?rest_route=%2Fwp%2Fv2%2Fcategories&post=115"},{"taxonomy":"post_tag","embeddable":true,"href":"https:\/\/www.kommentiert.at\/vote06\/index.php?rest_route=%2Fwp%2Fv2%2Ftags&post=115"}],"curies":[{"name":"wp","href":"https:\/\/api.w.org\/{rel}","templated":true}]}}