{"id":114,"date":"2006-08-29T15:16:00","date_gmt":"2006-08-29T13:16:00","guid":{"rendered":"http:\/\/www.kommentiert.at\/vote06\/?p=114"},"modified":"2006-08-29T15:16:00","modified_gmt":"2006-08-29T13:16:00","slug":"matin-statt-hpm","status":"publish","type":"post","link":"https:\/\/www.kommentiert.at\/vote06\/?p=114","title":{"rendered":"&#8222;matin&#8220; statt &#8222;hpm&#8220;&#8230;"},"content":{"rendered":"<blockquote><p><span style=\"font-family:courier new;\">bei der nationalratswahl traut man den menschen offenbar nicht zu, sechs buchstaben lesen zu k\u00f6nnen.<\/span> <\/p><\/blockquote>\n<p><a href=\"http:\/\/images.derstandard.at\/20060829\/matin.jpg\"><img decoding=\"async\" style=\"FLOAT: left; MARGIN: 0px 10px 10px 0px; WIDTH: 115px; CURSOR: hand; HEIGHT: 79px\" height=\"54\" alt=\"\" src=\"http:\/\/images.derstandard.at\/20060829\/matin.jpg\" border=\"0\" \/><\/a>die b\u00fcrgerliste des eu-parlamentariers hans-peter martin wird am stimmzettel f\u00fcr die nationalratswahl neben ihrem vollen namen mit dem k\u00fcrzel &#8222;matin&#8220; (frz. &#8222;morgen&#8220;) antreten. der grund: in der spalte, wo andere parteien mit drei buchstaben das auslangen finden (sp\u00f6, bz\u00f6, etc.), sind nur f\u00fcnf stellen zul\u00e4ssig. martin: &#8222;bei der eu-wahl habe ich sehr wohl mit dem sechsstelligen &#8222;martin&#8220; antreten d\u00fcrfen. bei der nationalratswahl traut man den menschen offenbar nicht zu, sechs buchstaben lesen zu k\u00f6nnen.&#8220;<\/p>\n<blockquote><p><span style=\"font-family:courier new;\">&#8222;hpm&#8220; kursiert in wiener journalistenkreisen und im wiener polithaberer-milieu.<\/span> <\/p><\/blockquote>\n<p>das naheliegende k\u00fcrzel &#8222;hpm&#8220; lehnt der eu-parlamentarier ab: &#8222;ich bin bekannt als herr martin. &#8222;hpm&#8220; w\u00fcrde in wiener journalistenkreisen bzw. im &#8222;wiener polithaberer-milieu&#8220; kursieren, so martin, der am mittwoch im rahmen einer pressekonferenz bekannt geben will, auf welcher landesliste er selbst antreten wird. (cdw)<\/p>\n<p><span style=\"font-size:85%;\">foto: APA \/ artinger<\/p>\n<p>webtipp:<br \/><\/span><a href=\"http:\/\/derstandard.at\/?id=2567188\"><span style=\"font-size:85%;\">http:\/\/derstandard.at\/?id=2567188<\/span><\/a><\/p>\n","protected":false},"excerpt":{"rendered":"<p>bei der nationalratswahl traut man den menschen offenbar nicht zu, sechs buchstaben lesen zu k\u00f6nnen. die b\u00fcrgerliste des eu-parlamentariers hans-peter martin wird am stimmzettel f\u00fcr die nationalratswahl neben ihrem vollen namen mit dem k\u00fcrzel &#8222;matin&#8220; (frz. &#8222;morgen&#8220;) antreten. der grund: in der spalte, wo andere parteien mit drei buchstaben das auslangen finden (sp\u00f6, bz\u00f6, etc.),&hellip; <a class=\"more-link\" href=\"https:\/\/www.kommentiert.at\/vote06\/?p=114\"><span class=\"screen-reader-text\">&#8222;matin&#8220; statt &#8222;hpm&#8220;&#8230;<\/span> weiterlesen<\/a><\/p>\n","protected":false},"author":2,"featured_media":0,"comment_status":"open","ping_status":"open","sticky":false,"template":"","format":"standard","meta":{"footnotes":""},"categories":[1],"tags":[],"class_list":["post-114","post","type-post","status-publish","format-standard","hentry","category-allgemein","entry"],"_links":{"self":[{"href":"https:\/\/www.kommentiert.at\/vote06\/index.php?rest_route=\/wp\/v2\/posts\/114","targetHints":{"allow":["GET"]}}],"collection":[{"href":"https:\/\/www.kommentiert.at\/vote06\/index.php?rest_route=\/wp\/v2\/posts"}],"about":[{"href":"https:\/\/www.kommentiert.at\/vote06\/index.php?rest_route=\/wp\/v2\/types\/post"}],"author":[{"embeddable":true,"href":"https:\/\/www.kommentiert.at\/vote06\/index.php?rest_route=\/wp\/v2\/users\/2"}],"replies":[{"embeddable":true,"href":"https:\/\/www.kommentiert.at\/vote06\/index.php?rest_route=%2Fwp%2Fv2%2Fcomments&post=114"}],"version-history":[{"count":0,"href":"https:\/\/www.kommentiert.at\/vote06\/index.php?rest_route=\/wp\/v2\/posts\/114\/revisions"}],"wp:attachment":[{"href":"https:\/\/www.kommentiert.at\/vote06\/index.php?rest_route=%2Fwp%2Fv2%2Fmedia&parent=114"}],"wp:term":[{"taxonomy":"category","embeddable":true,"href":"https:\/\/www.kommentiert.at\/vote06\/index.php?rest_route=%2Fwp%2Fv2%2Fcategories&post=114"},{"taxonomy":"post_tag","embeddable":true,"href":"https:\/\/www.kommentiert.at\/vote06\/index.php?rest_route=%2Fwp%2Fv2%2Ftags&post=114"}],"curies":[{"name":"wp","href":"https:\/\/api.w.org\/{rel}","templated":true}]}}