{"id":113,"date":"2006-08-29T15:38:00","date_gmt":"2006-08-29T13:38:00","guid":{"rendered":"http:\/\/www.kommentiert.at\/vote06\/?p=113"},"modified":"2006-08-29T15:38:00","modified_gmt":"2006-08-29T13:38:00","slug":"schwanzt-schussel-einige-tv-duelle","status":"publish","type":"post","link":"https:\/\/www.kommentiert.at\/vote06\/?p=113","title":{"rendered":"&#8222;schw\u00e4nzt&#8220; sch\u00fcssel einige tv-duelle?&#8230;"},"content":{"rendered":"<p><a href=\"http:\/\/www.diepresse.com\/upload\/20031211\/wolfi.jpg\"><img decoding=\"async\" style=\"margin: 0px auto 10px; display: block; text-align: center; cursor: pointer; width: 320px;\" src=\"http:\/\/www.diepresse.com\/upload\/20031211\/wolfi.jpg\" alt=\"\" border=\"0\" \/><\/a><br \/>derzeit macht das ger\u00fccht die runde, dass bundeskanzler wolfgang sch\u00fcssel (\u00f6vp) nur bei zwei der orf-tv-konfrontationen auftreten will: im &#8222;kanzlerduell&#8220; gegen alfred gusenbauer (sp\u00f6) und in der elefantenrunde mit den \u00fcbrigen parlamentsparteien. f\u00fcr die anderen duelle k\u00f6nnten innenministerin liese prokop und klubobmann wilhelm molterer einspringen, auch umweltminister josef pr\u00f6ll wird als m\u00f6glicher duellant auf seiten der volkspartei genannt.<\/p>\n<p>von den anderen parlamentsparteien werden in den tv-konfrontationen durchwegs die spitzenkandidaten zu sehen sein, also sp\u00f6-parteivorsitzender alfred gusenbauer, bz\u00f6-chef peter westenthaler, gr\u00fcnen-bundessprecher alexander van der bellen und fp\u00f6-parteiobmann heinz-christian strache.<\/p>\n<p><em>ist sich der kanzler zu gut f\u00fcr duelle mit hc strache und dem gr\u00fcnen professor? will er sich seine kr\u00e4fte f\u00fcr das &#8222;kanzlerduell&#8220; mit sp\u00f6-chef alfred gusenbauer und die abschlie\u00dfende &#8222;elefantenrunde&#8220; aufsparen? die \u00f6vp hat zweifellos die personalressourcen, wolfgang sch\u00fcssel zu schonen und ihm etwa die unannehmlichkeiten eines gespr\u00e4chs mit hc strache zu ersparen. was allerdings einen schalen beigeschmack hat, ist des kanzlers offenbare arroganz, sich erst gar nicht mit gewissen politischen konkurrenten matchen zu wollen. hochmut kommt vor dem fall&#8230;<\/em> (cdw)<\/p>\n<p><span style=\"font-size:85%;\">die tv-konfronationen werden von zib-2-anchorlady ingrid thurnher moderiert und starten am dienstag, 5. september, mit dem duell \u00f6vp-gr\u00fcne (orf 2, 22:30 uhr)<\/span><\/p>\n<p><span style=\"font-size:85%;\"><strong>weitere termine:<\/strong><\/span><br \/><span style=\"font-size:85%;\">mittwoch, 6. september, 22:30 uhr, orf 2: sp\u00f6-\u00f6vp<br \/>donnerstag, 7. september, 22:30 uhr, orf 2: sp\u00f6-bz\u00f6<\/span><br \/><span style=\"font-size:85%;\">dienstag, 12. september, 22:30 uhr, orf 2: \u00f6vp-bz\u00f6<\/span><br \/><span style=\"font-size:85%;\">mittwoch, 13. september, 22:30 uhr, orf 2: \u00f6vp-fp\u00f6<\/span><br \/><span style=\"font-size:85%;\">donnerstag, 14. september, 22:30 uhr, orf 2: sp\u00f6-gr\u00fcne<\/span><br \/><span style=\"font-size:85%;\">freitag, 15. september, 22:30 uhr, orf 2: bz\u00f6-fp\u00f6<\/span><br \/><span style=\"font-size:85%;\">dienstag, 19. september, 22:30 uhr, orf 2: gr\u00fcne-fp\u00f6<\/span><br \/><span style=\"font-size:85%;\">mittwoch, 20. september, 22:30 uhr, orf 2: gr\u00fcne-bz\u00f6<\/span><br \/><span style=\"font-size:85%;\">donnerstag, 21. september, 22:30 uhr, orf 2: \u00f6vp-sp\u00f6<\/span><br \/><span style=\"font-size:85%;\"><\/span><br \/><span style=\"font-size:85%;\">foto: APA \/ pfarrhofer<\/p>\n<p>webtipp:<\/span><br \/><a href=\"http:\/\/derstandard.at\/?id=2567672\"><span style=\"font-size:85%;\">http:\/\/derstandard.at\/?id=2567672<\/span><\/a><\/p>\n","protected":false},"excerpt":{"rendered":"<p>derzeit macht das ger\u00fccht die runde, dass bundeskanzler wolfgang sch\u00fcssel (\u00f6vp) nur bei zwei der orf-tv-konfrontationen auftreten will: im &#8222;kanzlerduell&#8220; gegen alfred gusenbauer (sp\u00f6) und in der elefantenrunde mit den \u00fcbrigen parlamentsparteien. f\u00fcr die anderen duelle k\u00f6nnten innenministerin liese prokop und klubobmann wilhelm molterer einspringen, auch umweltminister josef pr\u00f6ll wird als m\u00f6glicher duellant auf seiten&hellip; <a class=\"more-link\" href=\"https:\/\/www.kommentiert.at\/vote06\/?p=113\"><span class=\"screen-reader-text\">&#8222;schw\u00e4nzt&#8220; sch\u00fcssel einige tv-duelle?&#8230;<\/span> weiterlesen<\/a><\/p>\n","protected":false},"author":2,"featured_media":0,"comment_status":"open","ping_status":"open","sticky":false,"template":"","format":"standard","meta":{"footnotes":""},"categories":[1],"tags":[],"class_list":["post-113","post","type-post","status-publish","format-standard","hentry","category-allgemein","entry"],"_links":{"self":[{"href":"https:\/\/www.kommentiert.at\/vote06\/index.php?rest_route=\/wp\/v2\/posts\/113","targetHints":{"allow":["GET"]}}],"collection":[{"href":"https:\/\/www.kommentiert.at\/vote06\/index.php?rest_route=\/wp\/v2\/posts"}],"about":[{"href":"https:\/\/www.kommentiert.at\/vote06\/index.php?rest_route=\/wp\/v2\/types\/post"}],"author":[{"embeddable":true,"href":"https:\/\/www.kommentiert.at\/vote06\/index.php?rest_route=\/wp\/v2\/users\/2"}],"replies":[{"embeddable":true,"href":"https:\/\/www.kommentiert.at\/vote06\/index.php?rest_route=%2Fwp%2Fv2%2Fcomments&post=113"}],"version-history":[{"count":0,"href":"https:\/\/www.kommentiert.at\/vote06\/index.php?rest_route=\/wp\/v2\/posts\/113\/revisions"}],"wp:attachment":[{"href":"https:\/\/www.kommentiert.at\/vote06\/index.php?rest_route=%2Fwp%2Fv2%2Fmedia&parent=113"}],"wp:term":[{"taxonomy":"category","embeddable":true,"href":"https:\/\/www.kommentiert.at\/vote06\/index.php?rest_route=%2Fwp%2Fv2%2Fcategories&post=113"},{"taxonomy":"post_tag","embeddable":true,"href":"https:\/\/www.kommentiert.at\/vote06\/index.php?rest_route=%2Fwp%2Fv2%2Ftags&post=113"}],"curies":[{"name":"wp","href":"https:\/\/api.w.org\/{rel}","templated":true}]}}