{"id":112,"date":"2006-08-29T19:03:00","date_gmt":"2006-08-29T17:03:00","guid":{"rendered":"http:\/\/www.kommentiert.at\/vote06\/?p=112"},"modified":"2006-08-29T19:03:00","modified_gmt":"2006-08-29T17:03:00","slug":"kein-weg-zuruck","status":"publish","type":"post","link":"https:\/\/www.kommentiert.at\/vote06\/?p=112","title":{"rendered":"kein weg zur\u00fcck&#8230;"},"content":{"rendered":"<p><a href=\"http:\/\/images.derstandard.at\/20060829\/haub-o.jpg\"><img decoding=\"async\" style=\"margin: 0pt 10px 10px 0pt; float: left; cursor: pointer; width: 217px; height: 267px;\" src=\"http:\/\/images.derstandard.at\/20060829\/haub-o.jpg\" alt=\"\" border=\"0\" \/><\/a>sozialministerin ursula haubner (bz\u00f6) schlie\u00dft im &#8222;standard&#8220;-sommergspr\u00e4ch eine wiedervereinigung von bz\u00f6 und fp\u00f6 nach den nationalratswahlen am 1. oktober aus. einen weg zur\u00fcck gebe es nicht.<\/p>\n<p>auf den aktuellen pflegenotstand angesprochen, sieht haubner einen bedarf an zus\u00e4tzlicher betreuung f\u00fcr die familien zu hause. au\u00dferdem m\u00fcsste verst\u00e4rkt in pr\u00e4vention investiert werden, um pflege m\u00f6glichst lange hintan halten zu k\u00f6nnen. die gesch\u00e4tzten 40.000 illegalen pflegekr\u00e4fte, die sich im moment in \u00f6sterreich aufhalten, sollen nicht &#8222;generell legalisiert&#8220; werden. f\u00fcr die sozialministerin kommt nur ein saisonier- oder au-pair-modell in frage, eine \u00f6ffnung des \u00f6sterreichischen arbeitsmarktes f\u00fcr pflegekr\u00e4fte ist f\u00fcr die 60-j\u00e4hrige ober\u00f6sterreicherin nicht vorstellbar.<\/p>\n<blockquote style=\"font-family: courier new;\"><p>die umfragen sind das eine, von denen halte ich nur bedingt etwas. entscheidend ist, was am 1. oktober herauskommt. ich bin sehr optimistisch, weil mich als bz\u00f6-spitzenkandidatin in ober\u00f6sterreich die gro\u00dfe offenheit, die uns entegegen kommt, aber auch das gro\u00dfe interesse f\u00fcr unsere politik, best\u00e4tigt.<\/p>\n<\/blockquote>\n<p>f\u00fcr die nationalratswahl am 1. oktober gibt sich die sozialministerin &#8222;sehr optimistisch, weil mich als bz\u00f6-spitzenkandidatin in ober\u00f6sterreich die gro\u00dfe offenheit, die uns entegegnkommt, aber auch das gro\u00dfe interesse f\u00fcr unsere politik, best\u00e4tigt. in sachen ausl\u00e4nder ist haubner &#8211; wenig verwunderlich &#8211; auf einer linie mit bz\u00f6-chef peter westenthaler: anpassungswillige ausl\u00e4nder ja, kriminelle und integrationsunwillige raus. (cdw)<\/p>\n<p><span style=\"font-size:85%;\">foto: newald \/ der standard<\/p>\n<p>sozialministerin ursula haubner (bz\u00f6) im &#8222;standard&#8220;-sommergespr\u00e4ch mit lisa nimmervoll:<br \/><a href=\"http:\/\/derstandard.at\/?id=2567942&#038;_range=1\">http:\/\/derstandard.at\/?id=2567942&#038;_range=1<\/a><\/span><span style=\"font-weight: bold;\"><br \/><\/span><\/p>\n","protected":false},"excerpt":{"rendered":"<p>sozialministerin ursula haubner (bz\u00f6) schlie\u00dft im &#8222;standard&#8220;-sommergspr\u00e4ch eine wiedervereinigung von bz\u00f6 und fp\u00f6 nach den nationalratswahlen am 1. oktober aus. einen weg zur\u00fcck gebe es nicht. auf den aktuellen pflegenotstand angesprochen, sieht haubner einen bedarf an zus\u00e4tzlicher betreuung f\u00fcr die familien zu hause. au\u00dferdem m\u00fcsste verst\u00e4rkt in pr\u00e4vention investiert werden, um pflege m\u00f6glichst lange hintan&hellip; <a class=\"more-link\" href=\"https:\/\/www.kommentiert.at\/vote06\/?p=112\"><span class=\"screen-reader-text\">kein weg zur\u00fcck&#8230;<\/span> weiterlesen<\/a><\/p>\n","protected":false},"author":2,"featured_media":0,"comment_status":"open","ping_status":"open","sticky":false,"template":"","format":"standard","meta":{"footnotes":""},"categories":[1],"tags":[],"class_list":["post-112","post","type-post","status-publish","format-standard","hentry","category-allgemein","entry"],"_links":{"self":[{"href":"https:\/\/www.kommentiert.at\/vote06\/index.php?rest_route=\/wp\/v2\/posts\/112","targetHints":{"allow":["GET"]}}],"collection":[{"href":"https:\/\/www.kommentiert.at\/vote06\/index.php?rest_route=\/wp\/v2\/posts"}],"about":[{"href":"https:\/\/www.kommentiert.at\/vote06\/index.php?rest_route=\/wp\/v2\/types\/post"}],"author":[{"embeddable":true,"href":"https:\/\/www.kommentiert.at\/vote06\/index.php?rest_route=\/wp\/v2\/users\/2"}],"replies":[{"embeddable":true,"href":"https:\/\/www.kommentiert.at\/vote06\/index.php?rest_route=%2Fwp%2Fv2%2Fcomments&post=112"}],"version-history":[{"count":0,"href":"https:\/\/www.kommentiert.at\/vote06\/index.php?rest_route=\/wp\/v2\/posts\/112\/revisions"}],"wp:attachment":[{"href":"https:\/\/www.kommentiert.at\/vote06\/index.php?rest_route=%2Fwp%2Fv2%2Fmedia&parent=112"}],"wp:term":[{"taxonomy":"category","embeddable":true,"href":"https:\/\/www.kommentiert.at\/vote06\/index.php?rest_route=%2Fwp%2Fv2%2Fcategories&post=112"},{"taxonomy":"post_tag","embeddable":true,"href":"https:\/\/www.kommentiert.at\/vote06\/index.php?rest_route=%2Fwp%2Fv2%2Ftags&post=112"}],"curies":[{"name":"wp","href":"https:\/\/api.w.org\/{rel}","templated":true}]}}