{"id":111,"date":"2006-08-29T22:06:00","date_gmt":"2006-08-29T20:06:00","guid":{"rendered":"http:\/\/www.kommentiert.at\/vote06\/?p=111"},"modified":"2006-08-29T22:06:00","modified_gmt":"2006-08-29T20:06:00","slug":"gusi-glasklar","status":"publish","type":"post","link":"https:\/\/www.kommentiert.at\/vote06\/?p=111","title":{"rendered":"gusi, &#8222;glasklar&#8220;&#8230;"},"content":{"rendered":"<p><a href=\"http:\/\/www.foto-kraml.at\/images\/Neuer%20Ordner\/gusenbauer633.jpg\"><img decoding=\"async\" style=\"margin: 0pt 0pt 10px 10px; float: right; cursor: pointer; width: 253px; height: 168px;\" src=\"http:\/\/www.foto-kraml.at\/images\/Neuer%20Ordner\/gusenbauer633.jpg\" alt=\"\" border=\"0\" \/><\/a><span style=\"font-style: italic;\">alfred gusenbauer hat offenbar ein neues lieblingswort: &#8222;glaskar&#8220;. klare aussagen lie\u00df der sp\u00f6-parteivorsitzende im orf-sommergespr\u00e4ch mit gabi waldner aber oft vermissen. so will der sozialdemokratische spitzenkandidat koalitionsfragen erst nach dem w\u00e4hlervotum am 1. oktober kl\u00e4ren, ein ausstieg aus dem eurofighter-vertrag ist keine koaltionsbedingung, eine garantie f\u00fcr eine l\u00fcckenlose durchsetzung des sp\u00f6-parteiprogramms gebe es \u00fcberhaupt nur bei einer roten alleinregierung.<\/p>\n<p>ansonsten wurde viel \u00fcber steuern diskutiert &#8211; gusenbauer verstand es dabei, immer wieder seine kernbotschaften einzustreuen: mehr gerechtigkeit, fairness und solidarit\u00e4t, ab und an zu kreativen wortkonstrukten wie &#8222;solidarit\u00e4tsdefizit&#8220; oder &#8222;gerechtigkeitsl\u00fccke&#8220; abgewandelt. gabi waldner gab sich im vergleich zu den ersten beiden sommergespr\u00e4chen mit heinz-christian strache (fp\u00f6) und peter westenthaler (bz\u00f6) zahm, nur selten unterbrach sie den sp\u00f6-spitzenkandidaten in seinen oft langatmigen ausf\u00fchrungen und erkl\u00e4rungen zu plegenotstand, jugendarbeitslosigkeit und steuergerechtigkeit. insgesamt hat alfred gusenbauer ein solides sommergespr\u00e4ch hingelegt, er war in den wesentlichen fragen sattelfest und konnte seine kernbotschaften an die w\u00e4hler bringen. die pflicht hat &#8222;gusi&#8220; gemeistert, nun muss er, will er kanzler werden, in den direkten tv-duellen mit seinen kontrahenten eine brillante k\u00fcr hinlegen.<\/span> (cdw)<span style=\"font-style: italic;\"><\/p>\n<p><\/span><span style=\"font-size:85%;\">foto: brigitte kraml<\/p>\n<p>tv-tipp:<br \/>bundeskanzler wolfgang sch\u00fcssel (\u00f6vp) komplettiert am freitagabend die serie der orf-sommergespr\u00e4che mit den spitzenkandidaten der parlamentsparteien (21:15 uhr, orf 2)<\/span><span style=\"font-style: italic;\"><\/span><\/p>\n","protected":false},"excerpt":{"rendered":"<p>alfred gusenbauer hat offenbar ein neues lieblingswort: &#8222;glaskar&#8220;. klare aussagen lie\u00df der sp\u00f6-parteivorsitzende im orf-sommergespr\u00e4ch mit gabi waldner aber oft vermissen. so will der sozialdemokratische spitzenkandidat koalitionsfragen erst nach dem w\u00e4hlervotum am 1. oktober kl\u00e4ren, ein ausstieg aus dem eurofighter-vertrag ist keine koaltionsbedingung, eine garantie f\u00fcr eine l\u00fcckenlose durchsetzung des sp\u00f6-parteiprogramms gebe es \u00fcberhaupt nur&hellip; <a class=\"more-link\" href=\"https:\/\/www.kommentiert.at\/vote06\/?p=111\"><span class=\"screen-reader-text\">gusi, &#8222;glasklar&#8220;&#8230;<\/span> weiterlesen<\/a><\/p>\n","protected":false},"author":2,"featured_media":0,"comment_status":"open","ping_status":"open","sticky":false,"template":"","format":"standard","meta":{"footnotes":""},"categories":[1],"tags":[],"class_list":["post-111","post","type-post","status-publish","format-standard","hentry","category-allgemein","entry"],"_links":{"self":[{"href":"https:\/\/www.kommentiert.at\/vote06\/index.php?rest_route=\/wp\/v2\/posts\/111","targetHints":{"allow":["GET"]}}],"collection":[{"href":"https:\/\/www.kommentiert.at\/vote06\/index.php?rest_route=\/wp\/v2\/posts"}],"about":[{"href":"https:\/\/www.kommentiert.at\/vote06\/index.php?rest_route=\/wp\/v2\/types\/post"}],"author":[{"embeddable":true,"href":"https:\/\/www.kommentiert.at\/vote06\/index.php?rest_route=\/wp\/v2\/users\/2"}],"replies":[{"embeddable":true,"href":"https:\/\/www.kommentiert.at\/vote06\/index.php?rest_route=%2Fwp%2Fv2%2Fcomments&post=111"}],"version-history":[{"count":0,"href":"https:\/\/www.kommentiert.at\/vote06\/index.php?rest_route=\/wp\/v2\/posts\/111\/revisions"}],"wp:attachment":[{"href":"https:\/\/www.kommentiert.at\/vote06\/index.php?rest_route=%2Fwp%2Fv2%2Fmedia&parent=111"}],"wp:term":[{"taxonomy":"category","embeddable":true,"href":"https:\/\/www.kommentiert.at\/vote06\/index.php?rest_route=%2Fwp%2Fv2%2Fcategories&post=111"},{"taxonomy":"post_tag","embeddable":true,"href":"https:\/\/www.kommentiert.at\/vote06\/index.php?rest_route=%2Fwp%2Fv2%2Ftags&post=111"}],"curies":[{"name":"wp","href":"https:\/\/api.w.org\/{rel}","templated":true}]}}