{"id":110,"date":"2006-08-30T21:03:00","date_gmt":"2006-08-30T19:03:00","guid":{"rendered":"http:\/\/www.kommentiert.at\/vote06\/?p=110"},"modified":"2006-08-30T21:03:00","modified_gmt":"2006-08-30T19:03:00","slug":"will-mich-nicht-einmischen","status":"publish","type":"post","link":"https:\/\/www.kommentiert.at\/vote06\/?p=110","title":{"rendered":"&#8222;will mich nicht einmischen&#8220;&#8230;"},"content":{"rendered":"<p><a href=\"http:\/\/images.derstandard.at\/20060830\/blog_2006_08_30_nr2_645.jpg\"><img decoding=\"async\" style=\"margin: 0px auto 10px; display: block; text-align: center; cursor: pointer; width: 313px; height: 205px;\" src=\"http:\/\/images.derstandard.at\/20060830\/blog_2006_08_30_nr2_645.jpg\" alt=\"\" border=\"0\" \/><\/a><\/p>\n<blockquote><p><span style=\"font-family:courier new;\">mir ist es ein anliegen, dass der wahlkampf fair, sachbezogen und themenorientiert abl\u00e4uft.<\/span><\/p><\/blockquote>\n<p>bundespr\u00e4isdent heinz fischer sieht im interview mit dem &#8222;standard&#8220; keinen anlass, sich in den wahlkampf einzumischen. er werde sich mit den ergebnissen der wahl besch\u00e4ftigen, aber nicht so sehr mit dem wahlkampf. ihm sei es anliegen, dass der wahlkampf fair, sachbezogen und themenorientiert abl\u00e4uft, so der pr\u00e4sident, der betont, dass er eine feindschaft oder feindseligkeit gegen\u00fcber menschen mit anderer staatsb\u00fcrgerschaft oder sprache ablehne.<\/p>\n<p><a href=\"http:\/\/images.derstandard.at\/20060830\/blog_2006_08_30_nr4_645.jpg\"><img decoding=\"async\" style=\"margin: 0px auto 10px; display: block; text-align: center; cursor: pointer; width: 261px; height: 391px;\" src=\"http:\/\/images.derstandard.at\/20060830\/blog_2006_08_30_nr4_645.jpg\" alt=\"\" border=\"0\" \/><\/a><br \/>zur auseinandersetzung zwischen fp\u00f6 und bz\u00f6 um die reihung auf dem wahlzettel meint fischer: &#8222;die tatsache, dass sich das bz\u00f6 von der fp\u00f6 abgetrennt hat,  ist ein ph\u00e4nomen, das offenbar nicht nur politische, sondern auch rechtliche probleme aufgeworfen hat. faktum ist aber, dass das bz\u00f6 bei der letzten nationalratswahl noch nicht existiert hat. die frau innenministerin und die bundeswahlbeh\u00f6rde haben in dieser frage eine gro\u00dfe verantwortung und die haben  sie auch wahrgenommen.&#8220;<\/p>\n<p><span style=\"font-family:courier new;\"><\/p>\n<blockquote><p>ich glaube, es gibt ein gro\u00dfes und schwieriges pflegeproblem, von dem sehr viele menschen in \u00f6sterreich betroffen sind.<\/p><\/blockquote>\n<p><\/span><br \/>&#8222;ich glaube, es gibt ein gro\u00dfes und schwieriges pflegeproblem, von dem sehr viele menschen in \u00f6sterreich betroffen sind&#8220;, so fischer, der bundeskanzler wolfgang sch\u00fcssel (\u00f6vp) wegen der illegalen pflege seiner mittlerweile verstorbenen schwiegermutter keine vorw\u00fcrfe machen will (auch der vater des bundespr\u00e4sidenten wurde vor seinem tod von einer illegalen pflegerin betreut).<\/p>\n<div><span style=\"font-family:courier new;\"><\/p>\n<blockquote><p>es soll eine regierung gebildet werden, die gut f\u00fcr das land ist und das vertrauen der w\u00e4hler hat, wie es am wahltag zum ausdruck gebracht wurde. das z\u00e4hlt.<\/p><\/blockquote>\n<p><\/span><br \/>nach den nationalratswahlen am 1. oktober werde er sich genau an die verfassung halten und den w\u00e4hlerwillen ber\u00fccksichtigen, betont fischer in hinblick auf die vergabe eines auftrags zur regierungsbildung. &#8222;es soll eine regierung gebildet werden, die gut f\u00fcr das land ist und das vertrauen der w\u00e4hler hat, wie es am wahltag zum ausdruck gebracht wurde. das z\u00e4hlt.&#8220; (cdw)<br \/><span style=\"font-size:85%;\"><br \/>fotos: matthias cremer \/ der standard<\/p>\n<p>bundespr\u00e4sident heinz fischer im &#8222;standard&#8220;-sommergespr\u00e4ch mit petra stuiber:<br \/><a href=\"http:\/\/derstandard.at\/?id=2569468\">http:\/\/derstandard.at\/?id=2569468<\/a><\/p>\n<p>matthias cremers photoblog:<br \/><a href=\"http:\/\/derstandard.at\/?ressort=photoblog\">http:\/\/derstandard.at\/?ressort=photoblog<\/a><\/span><\/div>\n","protected":false},"excerpt":{"rendered":"<p>mir ist es ein anliegen, dass der wahlkampf fair, sachbezogen und themenorientiert abl\u00e4uft. bundespr\u00e4isdent heinz fischer sieht im interview mit dem &#8222;standard&#8220; keinen anlass, sich in den wahlkampf einzumischen. er werde sich mit den ergebnissen der wahl besch\u00e4ftigen, aber nicht so sehr mit dem wahlkampf. ihm sei es anliegen, dass der wahlkampf fair, sachbezogen und&hellip; <a class=\"more-link\" href=\"https:\/\/www.kommentiert.at\/vote06\/?p=110\"><span class=\"screen-reader-text\">&#8222;will mich nicht einmischen&#8220;&#8230;<\/span> weiterlesen<\/a><\/p>\n","protected":false},"author":2,"featured_media":0,"comment_status":"open","ping_status":"open","sticky":false,"template":"","format":"standard","meta":{"footnotes":""},"categories":[1],"tags":[],"class_list":["post-110","post","type-post","status-publish","format-standard","hentry","category-allgemein","entry"],"_links":{"self":[{"href":"https:\/\/www.kommentiert.at\/vote06\/index.php?rest_route=\/wp\/v2\/posts\/110","targetHints":{"allow":["GET"]}}],"collection":[{"href":"https:\/\/www.kommentiert.at\/vote06\/index.php?rest_route=\/wp\/v2\/posts"}],"about":[{"href":"https:\/\/www.kommentiert.at\/vote06\/index.php?rest_route=\/wp\/v2\/types\/post"}],"author":[{"embeddable":true,"href":"https:\/\/www.kommentiert.at\/vote06\/index.php?rest_route=\/wp\/v2\/users\/2"}],"replies":[{"embeddable":true,"href":"https:\/\/www.kommentiert.at\/vote06\/index.php?rest_route=%2Fwp%2Fv2%2Fcomments&post=110"}],"version-history":[{"count":0,"href":"https:\/\/www.kommentiert.at\/vote06\/index.php?rest_route=\/wp\/v2\/posts\/110\/revisions"}],"wp:attachment":[{"href":"https:\/\/www.kommentiert.at\/vote06\/index.php?rest_route=%2Fwp%2Fv2%2Fmedia&parent=110"}],"wp:term":[{"taxonomy":"category","embeddable":true,"href":"https:\/\/www.kommentiert.at\/vote06\/index.php?rest_route=%2Fwp%2Fv2%2Fcategories&post=110"},{"taxonomy":"post_tag","embeddable":true,"href":"https:\/\/www.kommentiert.at\/vote06\/index.php?rest_route=%2Fwp%2Fv2%2Ftags&post=110"}],"curies":[{"name":"wp","href":"https:\/\/api.w.org\/{rel}","templated":true}]}}