{"id":109,"date":"2006-08-30T21:53:00","date_gmt":"2006-08-30T19:53:00","guid":{"rendered":"http:\/\/www.kommentiert.at\/vote06\/?p=109"},"modified":"2006-08-30T21:53:00","modified_gmt":"2006-08-30T19:53:00","slug":"liste-3-fpo","status":"publish","type":"post","link":"https:\/\/www.kommentiert.at\/vote06\/?p=109","title":{"rendered":"liste 3: fp\u00f6&#8230;"},"content":{"rendered":"<p><a href=\"http:\/\/photos1.blogger.com\/blogger\/2353\/3412\/1600\/stimmzettel_apa.jpg\"><img decoding=\"async\" style=\"margin: 0px auto 10px; display: block; text-align: center; cursor: pointer; width: 326px; height: 245px;\" src=\"http:\/\/photos1.blogger.com\/blogger\/2353\/3412\/320\/stimmzettel_apa.jpg\" alt=\"\" border=\"0\" \/><\/a><br \/><a href=\"http:\/\/www.bizeps.or.at\/bilder\/strache.JPG\"><img decoding=\"async\" style=\"margin: 0pt 0pt 10px 10px; float: right; cursor: pointer; width: 162px; height: 121px;\" src=\"http:\/\/www.bizeps.or.at\/bilder\/strache.JPG\" alt=\"\" border=\"0\" \/><\/a>die fp\u00f6 bekommt wider erwarten doch den dritten listenplatz am wahlzettel f\u00fcr die nationalratswahl am 1. oktober (<span style=\"font-style: italic;\">vote06 berichtete<\/span>). das hat die bundeswahlbeh\u00f6rde am mittwoch entschieden. das bz\u00f6 wurde vom elfk\u00f6pfigen gremium mit neun zu zwei  stimmen nur auf den f\u00fcnften platz gereiht. die entscheidung fiel mit den stimmen von sp\u00f6, \u00f6vp und richtern. gekl\u00e4rt wurde auch, dass sich das bz\u00f6 am wahlzettel &#8222;die freiheitlichen&#8220; nennen darf.<\/p>\n<p>fp\u00f6-chef heinz-christian strache forderte indes erneut den sitz in der wahlbeh\u00f6rde f\u00fcr seine partei zur\u00fcck. derzeit sitzt dort der bz\u00f6-vertreter g\u00fcnter barnet. zur kl\u00e4rung frage, ob die reihung der fp\u00f6 auf den dritten listenplatz nicht die entsendung von barnet in die bundeswahlbeh\u00f6rde konterkariere, soll nun ein rechtsgutachten eingeholt werden. (cdw)<\/p>\n<p><span style=\"font-size:85%;\">foto: apa, n. n.<\/p>\n<p>webtipp:<br \/><a href=\"http:\/\/derstandard.at\/?id=2569286\">http:\/\/derstandard.at\/?id=2569286<\/a><\/span><\/p>\n","protected":false},"excerpt":{"rendered":"<p>die fp\u00f6 bekommt wider erwarten doch den dritten listenplatz am wahlzettel f\u00fcr die nationalratswahl am 1. oktober (vote06 berichtete). das hat die bundeswahlbeh\u00f6rde am mittwoch entschieden. das bz\u00f6 wurde vom elfk\u00f6pfigen gremium mit neun zu zwei stimmen nur auf den f\u00fcnften platz gereiht. die entscheidung fiel mit den stimmen von sp\u00f6, \u00f6vp und richtern. gekl\u00e4rt&hellip; <a class=\"more-link\" href=\"https:\/\/www.kommentiert.at\/vote06\/?p=109\"><span class=\"screen-reader-text\">liste 3: fp\u00f6&#8230;<\/span> weiterlesen<\/a><\/p>\n","protected":false},"author":2,"featured_media":0,"comment_status":"open","ping_status":"open","sticky":false,"template":"","format":"standard","meta":{"footnotes":""},"categories":[1],"tags":[],"class_list":["post-109","post","type-post","status-publish","format-standard","hentry","category-allgemein","entry"],"_links":{"self":[{"href":"https:\/\/www.kommentiert.at\/vote06\/index.php?rest_route=\/wp\/v2\/posts\/109","targetHints":{"allow":["GET"]}}],"collection":[{"href":"https:\/\/www.kommentiert.at\/vote06\/index.php?rest_route=\/wp\/v2\/posts"}],"about":[{"href":"https:\/\/www.kommentiert.at\/vote06\/index.php?rest_route=\/wp\/v2\/types\/post"}],"author":[{"embeddable":true,"href":"https:\/\/www.kommentiert.at\/vote06\/index.php?rest_route=\/wp\/v2\/users\/2"}],"replies":[{"embeddable":true,"href":"https:\/\/www.kommentiert.at\/vote06\/index.php?rest_route=%2Fwp%2Fv2%2Fcomments&post=109"}],"version-history":[{"count":0,"href":"https:\/\/www.kommentiert.at\/vote06\/index.php?rest_route=\/wp\/v2\/posts\/109\/revisions"}],"wp:attachment":[{"href":"https:\/\/www.kommentiert.at\/vote06\/index.php?rest_route=%2Fwp%2Fv2%2Fmedia&parent=109"}],"wp:term":[{"taxonomy":"category","embeddable":true,"href":"https:\/\/www.kommentiert.at\/vote06\/index.php?rest_route=%2Fwp%2Fv2%2Fcategories&post=109"},{"taxonomy":"post_tag","embeddable":true,"href":"https:\/\/www.kommentiert.at\/vote06\/index.php?rest_route=%2Fwp%2Fv2%2Ftags&post=109"}],"curies":[{"name":"wp","href":"https:\/\/api.w.org\/{rel}","templated":true}]}}