{"id":108,"date":"2006-08-31T00:37:00","date_gmt":"2006-08-30T22:37:00","guid":{"rendered":"http:\/\/www.kommentiert.at\/vote06\/?p=108"},"modified":"2006-08-31T00:37:00","modified_gmt":"2006-08-30T22:37:00","slug":"334-000-erstwahler","status":"publish","type":"post","link":"https:\/\/www.kommentiert.at\/vote06\/?p=108","title":{"rendered":"334.000 erstw\u00e4hler&#8230;"},"content":{"rendered":"<p><a href=\"http:\/\/www.oebb.at\/vip8\/pv\/Bilder\/_globale_Bilder\/164_x_128\/Personengruppen\/Jugend\/Gruppe_im_Zug_5125682.jpg\"><img decoding=\"async\" style=\"FLOAT: left; MARGIN: 0pt 10px 10px 0pt; WIDTH: 167px; CURSOR: pointer; HEIGHT: 130px\" alt=\"\" src=\"http:\/\/www.oebb.at\/vip8\/pv\/Bilder\/_globale_Bilder\/164_x_128\/Personengruppen\/Jugend\/Gruppe_im_Zug_5125682.jpg\" border=\"0\" \/><\/a>bei den nationalratswahlen am 1. oktober sind rund 334.000 junge \u00f6sterreicherInnen erstmals wahlberechtigt. sie machen damit f\u00fcnf prozent der wahlberechtigten aus.<\/p>\n<p><em>fp\u00f6-spitzenkandidat heinz-christian strache versucht mit seinem rap &#8222;\u00f6sterreich zuerst&#8220; <\/em>(vote06 berichtete)<em> junge w\u00e4hlergruppen anzusprechen. wer weniger musikalisch ist, bedient sich internetseiten und blogs: dort kann jungw\u00e4herlIn zum beispiel die bundeshymne in einer technoversion downloaden &#8211; wem das eingefallen ist? dreimal d\u00fcrfen sie raten: dem bz\u00f6&#8230;<\/em> (cdw)<span style=\"font-size:85%;\"><span style=\"FONT-STYLE: italic\"><\/p>\n<p>junge \u00f6vp:<\/span><br \/><a style=\"FONT-STYLE: italic\" href=\"http:\/\/www.junge.oevp.at\/\">http:\/\/www.junge.oevp.at\/<\/a><br \/><\/span><span style=\"FONT-STYLE: italic;font-size:85%;\" ><br \/>jugendorganisationen der sp\u00f6:<br \/><a href=\"http:\/\/www.spoe.at\/online\/page.php?P=100003\">http:\/\/www.spoe.at\/online\/page.php?P=100003<\/a><\/span><br \/><span style=\"font-size:85%;\"><br \/><span style=\"FONT-STYLE: italic\">ring freiheitlicher jugend (fp\u00f6):<\/span><br \/><a style=\"FONT-STYLE: italic\" href=\"http:\/\/www.rfj.at\/\">http:\/\/www.rfj.at\/<\/a><\/p>\n<p><span style=\"FONT-STYLE: italic\">die jungen orangen (bz\u00f6):<\/span><br \/><a style=\"FONT-STYLE: italic\" href=\"http:\/\/www.diejungenorangen.at\/\">http:\/\/www.diejungenorangen.at\/<\/a><\/p>\n<p><span style=\"FONT-STYLE: italic\">kommunistische jugend \u00f6sterreichs (kp\u00f6):<\/span><br \/><a style=\"FONT-STYLE: italic\" href=\"http:\/\/www.kjoe.at\/\">http:\/\/www.kjoe.at\/<br \/><\/a><br \/><span style=\"FONT-STYLE: italic\">seiten einer bundesweiten gr\u00fcnen jugendorganisation waren im netz nicht zu finden:<br \/><a href=\"http:\/\/www.gruene.at\">http:\/\/www.gruene.at<\/a><\/span><\/p>\n<p><\/span><span style=\"font-size:85%;\">foto: \u00f6bb<\/span><br \/><span style=\"font-size:85%;\"><br \/>webtipp:<br \/><a href=\"http:\/\/derstandard.at\/?id=2567946\">http:\/\/derstandard.at\/?id=2567946<\/a><\/span><\/p>\n","protected":false},"excerpt":{"rendered":"<p>bei den nationalratswahlen am 1. oktober sind rund 334.000 junge \u00f6sterreicherInnen erstmals wahlberechtigt. sie machen damit f\u00fcnf prozent der wahlberechtigten aus. fp\u00f6-spitzenkandidat heinz-christian strache versucht mit seinem rap &#8222;\u00f6sterreich zuerst&#8220; (vote06 berichtete) junge w\u00e4hlergruppen anzusprechen. wer weniger musikalisch ist, bedient sich internetseiten und blogs: dort kann jungw\u00e4herlIn zum beispiel die bundeshymne in einer technoversion downloaden&hellip; <a class=\"more-link\" href=\"https:\/\/www.kommentiert.at\/vote06\/?p=108\"><span class=\"screen-reader-text\">334.000 erstw\u00e4hler&#8230;<\/span> weiterlesen<\/a><\/p>\n","protected":false},"author":2,"featured_media":0,"comment_status":"open","ping_status":"open","sticky":false,"template":"","format":"standard","meta":{"footnotes":""},"categories":[1],"tags":[],"class_list":["post-108","post","type-post","status-publish","format-standard","hentry","category-allgemein","entry"],"_links":{"self":[{"href":"https:\/\/www.kommentiert.at\/vote06\/index.php?rest_route=\/wp\/v2\/posts\/108","targetHints":{"allow":["GET"]}}],"collection":[{"href":"https:\/\/www.kommentiert.at\/vote06\/index.php?rest_route=\/wp\/v2\/posts"}],"about":[{"href":"https:\/\/www.kommentiert.at\/vote06\/index.php?rest_route=\/wp\/v2\/types\/post"}],"author":[{"embeddable":true,"href":"https:\/\/www.kommentiert.at\/vote06\/index.php?rest_route=\/wp\/v2\/users\/2"}],"replies":[{"embeddable":true,"href":"https:\/\/www.kommentiert.at\/vote06\/index.php?rest_route=%2Fwp%2Fv2%2Fcomments&post=108"}],"version-history":[{"count":0,"href":"https:\/\/www.kommentiert.at\/vote06\/index.php?rest_route=\/wp\/v2\/posts\/108\/revisions"}],"wp:attachment":[{"href":"https:\/\/www.kommentiert.at\/vote06\/index.php?rest_route=%2Fwp%2Fv2%2Fmedia&parent=108"}],"wp:term":[{"taxonomy":"category","embeddable":true,"href":"https:\/\/www.kommentiert.at\/vote06\/index.php?rest_route=%2Fwp%2Fv2%2Fcategories&post=108"},{"taxonomy":"post_tag","embeddable":true,"href":"https:\/\/www.kommentiert.at\/vote06\/index.php?rest_route=%2Fwp%2Fv2%2Ftags&post=108"}],"curies":[{"name":"wp","href":"https:\/\/api.w.org\/{rel}","templated":true}]}}