{"id":106,"date":"2006-08-31T19:24:00","date_gmt":"2006-08-31T17:24:00","guid":{"rendered":"http:\/\/www.kommentiert.at\/vote06\/?p=106"},"modified":"2006-08-31T19:24:00","modified_gmt":"2006-08-31T17:24:00","slug":"khol-das-bzo-kennt-keine-gnade","status":"publish","type":"post","link":"https:\/\/www.kommentiert.at\/vote06\/?p=106","title":{"rendered":"khol: &#8222;das bz\u00f6 kennt keine gnade&#8220;&#8230;"},"content":{"rendered":"<p>nationalratspr\u00e4sident andreas khol (\u00f6vp) kritisiert im &#8222;standard&#8220;-sommergespr\u00e4ch (noch-)koalitionspartner bz\u00f6: in der pflegedebatte w\u00fcrden westenthaler und haider &#8222;keine gnade&#8220; kennen.<\/p>\n<blockquote style=\"font-family: courier new;\"><p>man muss unterscheiden zwischen pflege und betreuung. das pflegewesen in \u00f6sterreich funktioniert. da gibt es gro\u00dfartige organisationen. betreuung haben wir viel zu wenig. da kann man sich viel einfallen lassen.<\/p><\/blockquote>\n<p><a href=\"http:\/\/images.derstandard.at\/20060831\/khol-o.jpg\"><img decoding=\"async\" style=\"margin: 0pt 0pt 10px 10px; float: right; cursor: pointer; width: 237px; height: 168px;\" src=\"http:\/\/images.derstandard.at\/20060831\/khol-o.jpg\" alt=\"\" border=\"0\" \/><\/a>der nationalratspr\u00e4sident zum &#8222;pflegenotstand&#8220;: &#8222;man muss unterscheiden zwischen pflege und betreuung. das pflegewesen in \u00f6sterreich funktioniert. da gibt es gro\u00dfartige organisationen. betreuung haben wir viel zu wenig. da kann man sich viel einfallen lassen.&#8220; es brauche eine &#8222;art statut f\u00fcr betreuende personen&#8220;, vergleichbar mit dem au-pair-modell, so khol. dazu solle es kost und logis sowie eine entsch\u00e4digung geben. im \u00fcbrigen seien alle parteien f\u00fcr diesen vorschlag, nur das bz\u00f6 kenne &#8222;keine gnade&#8220;.<\/p>\n<p>das bz\u00f6 wirft der \u00f6vp indes vor, einen &#8222;rachfeldzug&#8220; gegen sie gestartet zu haben. die entscheidung der bundeswahlbeh\u00f6rde, nun doch die fp\u00f6 auf platz drei am wahlzettel zu reihen (<span style=\"font-style: italic;\">vote06 berichtete<\/span>), sei rechtswidrig, so bz\u00f6-spitzenkandidat peter westenthaler. die \u00f6vp sitze &#8222;am hohen ross&#8220; und sei nur darauf bedacht, &#8222;ihre pfr\u00fcnde zu sichern und ihre macht zu erhalten&#8220;.<\/p>\n<p>nach der wahl will khol erneut f\u00fcr das amt des nationalratspr\u00e4sidenten kandidieren, egal ob die \u00f6vp erster oder zweiter wird. (cdw)<\/p>\n<div><span style=\"font-size:85%;\">foto: matthias cremer \/ der standard<\/p>\n<p>nationalratspr\u00e4sident andreas khol (\u00f6vp) im &#8222;standard&#8220;-sommergespr\u00e4ch mit michael v\u00f6lker:<br \/><a href=\"http:\/\/derstandard.at\/?id=2570757\">http:\/\/derstandard.at\/?id=2570757<\/p>\n<p><\/a>webtipp:<br \/><a href=\"http:\/\/derstandard.at\/?id=2570857\">http:\/\/derstandard.at\/?id=2570857<\/a><br \/><\/span><\/div>\n","protected":false},"excerpt":{"rendered":"<p>nationalratspr\u00e4sident andreas khol (\u00f6vp) kritisiert im &#8222;standard&#8220;-sommergespr\u00e4ch (noch-)koalitionspartner bz\u00f6: in der pflegedebatte w\u00fcrden westenthaler und haider &#8222;keine gnade&#8220; kennen. man muss unterscheiden zwischen pflege und betreuung. das pflegewesen in \u00f6sterreich funktioniert. da gibt es gro\u00dfartige organisationen. betreuung haben wir viel zu wenig. da kann man sich viel einfallen lassen. der nationalratspr\u00e4sident zum &#8222;pflegenotstand&#8220;: &#8222;man muss&hellip; <a class=\"more-link\" href=\"https:\/\/www.kommentiert.at\/vote06\/?p=106\"><span class=\"screen-reader-text\">khol: &#8222;das bz\u00f6 kennt keine gnade&#8220;&#8230;<\/span> weiterlesen<\/a><\/p>\n","protected":false},"author":2,"featured_media":0,"comment_status":"open","ping_status":"open","sticky":false,"template":"","format":"standard","meta":{"footnotes":""},"categories":[1],"tags":[],"class_list":["post-106","post","type-post","status-publish","format-standard","hentry","category-allgemein","entry"],"_links":{"self":[{"href":"https:\/\/www.kommentiert.at\/vote06\/index.php?rest_route=\/wp\/v2\/posts\/106","targetHints":{"allow":["GET"]}}],"collection":[{"href":"https:\/\/www.kommentiert.at\/vote06\/index.php?rest_route=\/wp\/v2\/posts"}],"about":[{"href":"https:\/\/www.kommentiert.at\/vote06\/index.php?rest_route=\/wp\/v2\/types\/post"}],"author":[{"embeddable":true,"href":"https:\/\/www.kommentiert.at\/vote06\/index.php?rest_route=\/wp\/v2\/users\/2"}],"replies":[{"embeddable":true,"href":"https:\/\/www.kommentiert.at\/vote06\/index.php?rest_route=%2Fwp%2Fv2%2Fcomments&post=106"}],"version-history":[{"count":0,"href":"https:\/\/www.kommentiert.at\/vote06\/index.php?rest_route=\/wp\/v2\/posts\/106\/revisions"}],"wp:attachment":[{"href":"https:\/\/www.kommentiert.at\/vote06\/index.php?rest_route=%2Fwp%2Fv2%2Fmedia&parent=106"}],"wp:term":[{"taxonomy":"category","embeddable":true,"href":"https:\/\/www.kommentiert.at\/vote06\/index.php?rest_route=%2Fwp%2Fv2%2Fcategories&post=106"},{"taxonomy":"post_tag","embeddable":true,"href":"https:\/\/www.kommentiert.at\/vote06\/index.php?rest_route=%2Fwp%2Fv2%2Ftags&post=106"}],"curies":[{"name":"wp","href":"https:\/\/api.w.org\/{rel}","templated":true}]}}