{"id":105,"date":"2006-09-01T12:17:00","date_gmt":"2006-09-01T10:17:00","guid":{"rendered":"http:\/\/www.kommentiert.at\/vote06\/?p=105"},"modified":"2006-09-01T12:17:00","modified_gmt":"2006-09-01T10:17:00","slug":"der-ovp-vorsprung-schmilzt","status":"publish","type":"post","link":"https:\/\/www.kommentiert.at\/vote06\/?p=105","title":{"rendered":"der \u00f6vp-vorsprung schmilzt&#8230;"},"content":{"rendered":"<p><a href=\"http:\/\/www.id-survey.ch\/interrogneg2.jpg\"><img decoding=\"async\" style=\"margin: 0pt 10px 10px 0pt; float: left; cursor: pointer; width: 194px; height: 363px;\" src=\"http:\/\/www.id-survey.ch\/interrogneg2.jpg\" alt=\"\" border=\"0\" \/><\/a>in einer gallup-umfrage f\u00fcr die am freitag erstmals erschienene neue tageszeitung &#8222;\u00f6sterreich&#8220; liegen \u00f6vp und sp\u00f6 kopf an kopf: die kanzlerpartei, die zwischenzeitlich bereits 6% vor der sp\u00f6 gelegen war, kommt auf 37%, die sozialdemokraten auf 35%.<\/p>\n<p>laut gallup k\u00e4men, w\u00e4re am sonntag nationalratswahl, sechs parteien ins parlament: die gr\u00fcnen w\u00fcrden 11% erreichen, hc straches fp\u00f6 7%, bz\u00f6 und hpm erhielten 4% und w\u00fcrden damit knapp den einzug ins parlament schaffen.<\/p>\n<p>beliebteste regierungsform bei den \u00f6sterreichern ist weiterhin die gro\u00dfe koalition: 39% bevorzugen diese variante. im aufwind: rot-gr\u00fcn mit 18%, schwarz-gr\u00fcn w\u00fcnschen sich dagegen nur 14%.<\/p>\n<p>in der kanzlerfrage liegt amtsinhaber wolfgang sch\u00fcssel (\u00f6vp) klar vor seinem sozialdemokratischen herausforderer. bei einer direktwahl k\u00e4me sch\u00fcssel auf 38%, gusenbauer auf 26% und gr\u00fcnen-bundessprecher alexander van der bellen auf 13%. einen bundeskanzler peter westenthaler (bz\u00f6) w\u00fcnschen sich nur 5% der \u00f6sterrericherInnen. (cdw)<br \/><span style=\"font-size:85%;\"><br \/>illustration: id-survey.ch<\/p>\n<p>webtipp:<br \/><a href=\"http:\/\/www.oe24.at\">http:\/\/www.oe24.at<\/a><\/span><\/p>\n","protected":false},"excerpt":{"rendered":"<p>in einer gallup-umfrage f\u00fcr die am freitag erstmals erschienene neue tageszeitung &#8222;\u00f6sterreich&#8220; liegen \u00f6vp und sp\u00f6 kopf an kopf: die kanzlerpartei, die zwischenzeitlich bereits 6% vor der sp\u00f6 gelegen war, kommt auf 37%, die sozialdemokraten auf 35%. laut gallup k\u00e4men, w\u00e4re am sonntag nationalratswahl, sechs parteien ins parlament: die gr\u00fcnen w\u00fcrden 11% erreichen, hc straches&hellip; <a class=\"more-link\" href=\"https:\/\/www.kommentiert.at\/vote06\/?p=105\"><span class=\"screen-reader-text\">der \u00f6vp-vorsprung schmilzt&#8230;<\/span> weiterlesen<\/a><\/p>\n","protected":false},"author":2,"featured_media":0,"comment_status":"open","ping_status":"open","sticky":false,"template":"","format":"standard","meta":{"footnotes":""},"categories":[1],"tags":[],"class_list":["post-105","post","type-post","status-publish","format-standard","hentry","category-allgemein","entry"],"_links":{"self":[{"href":"https:\/\/www.kommentiert.at\/vote06\/index.php?rest_route=\/wp\/v2\/posts\/105","targetHints":{"allow":["GET"]}}],"collection":[{"href":"https:\/\/www.kommentiert.at\/vote06\/index.php?rest_route=\/wp\/v2\/posts"}],"about":[{"href":"https:\/\/www.kommentiert.at\/vote06\/index.php?rest_route=\/wp\/v2\/types\/post"}],"author":[{"embeddable":true,"href":"https:\/\/www.kommentiert.at\/vote06\/index.php?rest_route=\/wp\/v2\/users\/2"}],"replies":[{"embeddable":true,"href":"https:\/\/www.kommentiert.at\/vote06\/index.php?rest_route=%2Fwp%2Fv2%2Fcomments&post=105"}],"version-history":[{"count":0,"href":"https:\/\/www.kommentiert.at\/vote06\/index.php?rest_route=\/wp\/v2\/posts\/105\/revisions"}],"wp:attachment":[{"href":"https:\/\/www.kommentiert.at\/vote06\/index.php?rest_route=%2Fwp%2Fv2%2Fmedia&parent=105"}],"wp:term":[{"taxonomy":"category","embeddable":true,"href":"https:\/\/www.kommentiert.at\/vote06\/index.php?rest_route=%2Fwp%2Fv2%2Fcategories&post=105"},{"taxonomy":"post_tag","embeddable":true,"href":"https:\/\/www.kommentiert.at\/vote06\/index.php?rest_route=%2Fwp%2Fv2%2Ftags&post=105"}],"curies":[{"name":"wp","href":"https:\/\/api.w.org\/{rel}","templated":true}]}}