{"id":102,"date":"2006-09-01T19:21:00","date_gmt":"2006-09-01T17:21:00","guid":{"rendered":"http:\/\/www.kommentiert.at\/vote06\/?p=102"},"modified":"2006-09-01T19:21:00","modified_gmt":"2006-09-01T17:21:00","slug":"bzo-nicht-mehr-freiheitlich","status":"publish","type":"post","link":"https:\/\/www.kommentiert.at\/vote06\/?p=102","title":{"rendered":"bz\u00f6 nicht mehr &#8222;freiheitlich&#8220;&#8230;"},"content":{"rendered":"<p><a href=\"http:\/\/photos1.blogger.com\/blogger\/2353\/3412\/1600\/bzoe.jpg\"><img decoding=\"async\" style=\"margin: 0px auto 10px; display: block; text-align: center; cursor: pointer;\" src=\"http:\/\/photos1.blogger.com\/blogger\/2353\/3412\/320\/bzoe.jpg\" alt=\"\" border=\"0\" \/><\/a><br \/>paukenschlag im namensstreit zwischen blauen und orangen (<span style=\"font-style: italic;\">vote06 berichtete<\/span>): das bz\u00f6 darf sich nun doch nicht &#8222;freiheitlich&#8220; nennen. das hat das wiener landesgericht f\u00fcr zivilrechtssachen am freitag per einstweiliger verf\u00fcgung entschieden. &#8222;schritt f\u00fcr schritt gewinnt der rechtsstaat gegen den bundeskanzler&#8220;, freut sich fp\u00f6-generalsekret\u00e4r harald vilimsky.<\/p>\n<div><\/p>\n<blockquote style=\"font-family: courier new;\"><p>schritt f\u00fcr schritt gewinnt der rechtsstaat gegen den bundeskanzler.<\/p><\/blockquote>\n<p>das bz\u00f6 muss die bezeichnung &#8222;freiheitlich&#8220; jetzt von wahlplakaten, brosch\u00fcren, sonstigen publikationen und auch von seiner homepage enfernen &#8211; kann aber binnen 14 tagen rekurs gegen die entscheidung einlegen. in der begr\u00fcndung des gerichts hei\u00dft es, das bz\u00f6 begehe einen &#8222;rechtswidrigen eingriff in das gesch\u00fctzte namensrecht der fp\u00f6&#8220;. die daraus resultierende w\u00e4hlerverwirrung sei vom bz\u00f6 &#8222;geradezu gewollt&#8220;, die partei wolle offenbar &#8222;aus angst vor einer weiteren wahlniederlage am ruf der nach derzeitigen umfragen stimmenst\u00e4rkeren fp\u00f6 partizipieren&#8220;.<\/p>\n<p>einfluss auf die stimmzettel habe die entscheidung des landesgerichts nicht, hei\u00dft es im innenministerium. fp\u00f6-generalsekret\u00e4r harald vilimsky sieht das anders: &#8222;die verf\u00fcgung ist in jeder beziehung sofort umzusetzen&#8220;, so vilimsky, der sich vorstellen kann, die im innenministerium zust\u00e4ndigen &#8222;wegen amtsmissbrauchs&#8220; zu klagen.<\/p>\n<p><span style=\"font-family:courier new;\"><\/p>\n<blockquote><p>der begriff &#8218;freiheitlich&#8216; ist keine gesch\u00fctzte marke, sondern eine bezeichnung f\u00fcr eine politische str\u00f6mung.<\/p><\/blockquote>\n<p><\/span><br \/>&#8222;wir werden rekurs einlegen&#8220;, k\u00fcndigte bz\u00f6-b\u00fcndnissprecher uwe scheuch an. die einstweilige verf\u00fcgung sei &#8222;rechlich vollkommen verfehlt&#8220;, so bz\u00f6-rechtsanwalt bernhard eigner. der begriff &#8222;freiheitlich&#8220; sei keine gesch\u00fctzte Marke, sondern eine bezeichnung f\u00fcr eine &#8222;politische str\u00f6mung&#8220;.<\/p>\n<p><span style=\"font-style: italic;\">die bezeichnung &#8222;die freiheitlichen&#8220; war bei erstellung dieses beitrags bereits von den internetseiten des bz\u00f6 entfernt (siehe abbildung oben). <\/span>(cdw)<\/p>\n<p><span style=\"font-size:85%;\">abbildung: bz\u00f6<\/p>\n<p>webtipps:<br \/><a href=\"http:\/\/orf.at\/060901-3426\/3426abs_news.html\">http:\/\/orf.at\/060901-3426\/3426abs_news.html<\/a><br \/><a href=\"http:\/\/derstandard.at\/?id=2572043\">http:\/\/derstandard.at\/?id=2572043<br \/>http:\/\/www.bzoe.at<\/a><\/span><\/div>\n<div> <\/div>\n","protected":false},"excerpt":{"rendered":"<p>paukenschlag im namensstreit zwischen blauen und orangen (vote06 berichtete): das bz\u00f6 darf sich nun doch nicht &#8222;freiheitlich&#8220; nennen. das hat das wiener landesgericht f\u00fcr zivilrechtssachen am freitag per einstweiliger verf\u00fcgung entschieden. &#8222;schritt f\u00fcr schritt gewinnt der rechtsstaat gegen den bundeskanzler&#8220;, freut sich fp\u00f6-generalsekret\u00e4r harald vilimsky. schritt f\u00fcr schritt gewinnt der rechtsstaat gegen den bundeskanzler. das&hellip; <a class=\"more-link\" href=\"https:\/\/www.kommentiert.at\/vote06\/?p=102\"><span class=\"screen-reader-text\">bz\u00f6 nicht mehr &#8222;freiheitlich&#8220;&#8230;<\/span> weiterlesen<\/a><\/p>\n","protected":false},"author":2,"featured_media":0,"comment_status":"open","ping_status":"open","sticky":false,"template":"","format":"standard","meta":{"footnotes":""},"categories":[1],"tags":[],"class_list":["post-102","post","type-post","status-publish","format-standard","hentry","category-allgemein","entry"],"_links":{"self":[{"href":"https:\/\/www.kommentiert.at\/vote06\/index.php?rest_route=\/wp\/v2\/posts\/102","targetHints":{"allow":["GET"]}}],"collection":[{"href":"https:\/\/www.kommentiert.at\/vote06\/index.php?rest_route=\/wp\/v2\/posts"}],"about":[{"href":"https:\/\/www.kommentiert.at\/vote06\/index.php?rest_route=\/wp\/v2\/types\/post"}],"author":[{"embeddable":true,"href":"https:\/\/www.kommentiert.at\/vote06\/index.php?rest_route=\/wp\/v2\/users\/2"}],"replies":[{"embeddable":true,"href":"https:\/\/www.kommentiert.at\/vote06\/index.php?rest_route=%2Fwp%2Fv2%2Fcomments&post=102"}],"version-history":[{"count":0,"href":"https:\/\/www.kommentiert.at\/vote06\/index.php?rest_route=\/wp\/v2\/posts\/102\/revisions"}],"wp:attachment":[{"href":"https:\/\/www.kommentiert.at\/vote06\/index.php?rest_route=%2Fwp%2Fv2%2Fmedia&parent=102"}],"wp:term":[{"taxonomy":"category","embeddable":true,"href":"https:\/\/www.kommentiert.at\/vote06\/index.php?rest_route=%2Fwp%2Fv2%2Fcategories&post=102"},{"taxonomy":"post_tag","embeddable":true,"href":"https:\/\/www.kommentiert.at\/vote06\/index.php?rest_route=%2Fwp%2Fv2%2Ftags&post=102"}],"curies":[{"name":"wp","href":"https:\/\/api.w.org\/{rel}","templated":true}]}}