{"id":101,"date":"2006-09-01T22:36:00","date_gmt":"2006-09-01T20:36:00","guid":{"rendered":"http:\/\/www.kommentiert.at\/vote06\/?p=101"},"modified":"2006-09-01T22:36:00","modified_gmt":"2006-09-01T20:36:00","slug":"la-le-lu","status":"publish","type":"post","link":"https:\/\/www.kommentiert.at\/vote06\/?p=101","title":{"rendered":"la le lu&#8230;"},"content":{"rendered":"<p>&#8230;nur der mann im mond schaut zu. leider ist das duo von vote06 w\u00e4hrend des sommergespr\u00e4chs von wolfgang sch\u00fcssel bereits um 21:37 eingeschlafen, weshalb wir keinen kommentar dazu verfassen k\u00f6nnen.<\/p>\n<p><a href=\"http:\/\/home.schule.at\/lehrer\/3www\/grafiken\/schuessel1.jpg\"><img decoding=\"async\" style=\"margin: 0px auto 10px; display: block; text-align: center; cursor: pointer; width: 320px;\" src=\"http:\/\/home.schule.at\/lehrer\/3www\/grafiken\/schuessel1.jpg\" alt=\"\" border=\"0\" \/><\/a><br \/>nein, so einfach wie \u00f6vp-generalsekret\u00e4r lopatka nach dem sommergespr\u00e4ch mit alexander van der bellen machen wir es uns nat\u00fcrlich nicht. im letzten sommergespr\u00e4ch war also bundeskanzler und \u00f6vp-obmann wolfgang sch\u00fcssel zu gast bei gabi waldner \u2013 einer der raren tv-auftritte des kanzlers, welcher in die meisten der bevorstehenden tv-duelle ja mehr oder wenig hochrangige vertreter entsenden wird (vote06 berichtete).<\/p>\n<p>waldner begann kreativ mit der ungew\u00f6hnlichen einstiegsfrage &#8222;welche frage haben sie sich zuletzt gestellt?&#8220;. die unverz\u00fcgliche antwort sch\u00fcssels, der in diese antwort selbst noch einen seitenhieb auf die politischen mitbewerber einbaute, lie\u00df den fortgang des sommergespr\u00e4chs bereits erahnen: wolfgang sch\u00fcssel in seiner gewohnten rolle als brillanter rhetoriker, ein souver\u00e4nern medien- und politprofi. ihm gegen\u00fcber eine zahme gabi waldner, die sich ihrer eigentlichen journalistischen aufgaben gr\u00f6\u00dftenteils entledigte und dem redefluss des kanzlers lauschte. ab und zu eine kurze unterbrechung, eine andeutung einer kritischen frage, ansonsten eine gelungene one-man-show sch\u00fcssels gepaart mit einer journalistischen bankrotterkl\u00e4rung gabi waldners, welche diesmal nicht einmal ihr weiblicher charme verh\u00fcllen konnte.<\/p>\n<p>als erstes sachtheme diente (an dieser stelle endete wiederum die journalistische kreativit\u00e4t gabi waldners) wieder einmal die pflegedebatte. sch\u00fcssel wurde missverstanden, so die quintessenz &#8211; &#8222;ich habe nicht geleugnet, dass es probleme gibt&#8220;, lediglich probleme mit dem begriff &#8222;pflegenotstand&#8220; hatte der kanzler, welcher mehrmals betonte man m\u00fcsse das problem &#8222;ernst nehmen, aber auch angst nehmen&#8220;. daf\u00fcr hat die regierung das pflegegeld erstmals seit 10 jahren valorisiert, die pflegeausbildung gef\u00f6rdert und die zukunftsvorsorge eingef\u00fchrt &#8211; sch\u00fcssel voll auf kurs sozusagen. als n\u00e4chstes sollen die \u00fcbergangsfristen im pflegebereich aufgehoben werden, danach m\u00fcssen die sozialpartner nach der entkriminialisierung noch eine flexible und leistbare l\u00f6sung finden &#8211; das problem ist also praktisch schon gel\u00f6st bevor es erkannt wurde, zumindest versuchte dies sch\u00fcssel zu vermitteln.<\/p>\n<p><span style=\"font-family:courier new;\"><\/p>\n<blockquote><p>das wichtigste ist, dass wir arbeitspl\u00e4tze schaffen<\/p><\/blockquote>\n<p><\/span><\/p>\n<p>auf dem arbeitsmarkt freut sich sch\u00fcssel \u00fcber eine rekordbesch\u00e4ftigung, eine trendwende bei der arbeitslosigkeit und insbesondere \u00fcber die r\u00fcckg\u00e4nge der arbeitslosigkeit bei jugendlichen und langzeitarbeitslosen. eine steuerreform werde nicht auf pump und fr\u00fchestens nach einem nulldefizit 2008\/9 in einem ausma\u00df von ca. 3 mrd. euro durchgef\u00fchrt. weitere privatisierungen sind nicht ausgeschlossen, finanzminister grasser wurde daf\u00fcr von sch\u00fcssel extra gelobt. soviel zu den wirtschaftsthemen.<\/p>\n<p>kurz sollte auch das thema bildung angesprochen werden: sch\u00fcssel seie f\u00fcr wahlfreiheit und ein differenziertes schulsystem, mit bildungsministerin gehrer bekam auch der zweite mediale schwachpunkt der regierung besonderes lob des bundeskanzlers. in gesellschaftspolitischen fragen machte der kanzler auf liberal, er habe kein problem mit homosexuellen paaren und trete gegen jegliche diskriminierung ein. ein neues, modernes dienstrecht f\u00fcr beamte werde kommen, so der abschluss eines bunten themenspektrums, zu welchem sich sp\u00e4ter noch die ank\u00fcndigung einer energiewende hin zu erneuerbaren energien als umweltthema gesellen sollte.<\/p>\n<p><span style=\"font-family:courier new;\"><\/p>\n<blockquote><p>ich werde nach der wahl (&#8230;) keine experimente mit \u00f6sterreich anstellen und ich brauche einen verl\u00e4sslichen partner<\/p><\/blockquote>\n<p><\/span><\/p>\n<p>zur eigentlichen wahl hielt sicher der bundeskanzler ebenso wie seine vorg\u00e4nger relativ bedeckt, mit der frage nach koalitionspr\u00e4ferenzen oder m\u00f6glichen vizekanzlern blitzte gabi waldner wieder einmal ab. die zusammenarbeit mit dem bz\u00f6-regierungsteam bekam des kanzlers lob, dies &#8222;k\u00f6nnte jedoch auch in einer gro\u00dfen koalition oder mit den gr\u00fcnen klappen&#8220;. dezidiert ausgeschlossen wurden lediglich strache und martin, denn die &#8222;zusammenarbeit braucht verl\u00e4ssliche partner, die f\u00fcr europa sind&#8220;. um ein chaos wie bei diesen wahlen mit m\u00f6glichen wahlanfechtungen in zukunft zu verhindern, fordere sch\u00fcssel zuk\u00fcnftig die m\u00f6glichkeit einer vorabentscheidung des verfassungsgerichtshofs. zu seinen wahlaussichten meinte sch\u00fcssel abschlie\u00dfend lapidar, er sei &#8222;recht zuversichtlich&#8220; und habe &#8222;viel, viel zuspruch&#8220;.<\/p>\n<p>summa summarum ein auftritt, mit dem sch\u00fcssel und seine kompanen in der lichtenfelsgasse rundum zufrieden sein k\u00f6nnen. gegen eine statistin als journalistin stellte er selbst die vorangegangenen, souver\u00e4nen auftritte von alexander van der bellen und alfred gusenbauer noch einmal in den schatten und pr\u00e4sentierte erfolgreich sich und sein wahlprogramm. fragt sich nur, warum sich sch\u00fcssel in dieser form vor den tv-duellen dr\u00fcckt&#8230; (LAN)<\/p>\n<div style=\"text-align: center;\">&#8212;&#8212;&#8212;&#8212;&#8212;&#8212;&#8212;&#8212;&#8212;&#8212;&#8212;&#8212;&#8212;&#8212;&#8212;-<\/div>\n<p><span style=\"font-style: italic;\">wolfgang sch\u00fcssel gab sich als sympathischer alter herr, h\u00f6flich und staatsm\u00e4nnisch. er verstand es, gabi waldner den schneid abzukaufen und das gespr\u00e4ch zu kontrollieren: die orf-journalistin wirkte unsicher, traute sich nicht so recht, der &#8222;autorit\u00e4t&#8220; sch\u00fcssel unangenehme fragen zu stellen. der kanzler konnte so nahezu ungest\u00f6rt seine lobeshymnen auf die arbeit der bundesregierung ausbreiten und wusste geschickt seine klientel zu bedienen: die bauern, die beamten, die familien. sch\u00fcssel hat das &#8222;sommergespr\u00e4ch&#8220; klar f\u00fcr sich entschieden und wirkt f\u00fcr den 1. oktober &#8211; zurecht &#8211; siegessicher.<br \/>auch wenn das shakehands zum schluss passiert sein und durchaus sympathisch wirken mag &#8211; eine gute journalistin macht so etwas nicht &#8211; und schon auf gar keinen fall vor laufender kamera. im radio &#8211; und dorthin kehrt die k\u00e4rntnerin hoffentlich bald zur\u00fcck &#8211; m\u00fcssen die zuh\u00f6rer so etwas gottseidank nicht mitansehen. <\/span>(cdw)<\/p>\n","protected":false},"excerpt":{"rendered":"<p>&#8230;nur der mann im mond schaut zu. leider ist das duo von vote06 w\u00e4hrend des sommergespr\u00e4chs von wolfgang sch\u00fcssel bereits um 21:37 eingeschlafen, weshalb wir keinen kommentar dazu verfassen k\u00f6nnen. nein, so einfach wie \u00f6vp-generalsekret\u00e4r lopatka nach dem sommergespr\u00e4ch mit alexander van der bellen machen wir es uns nat\u00fcrlich nicht. im letzten sommergespr\u00e4ch war also&hellip; <a class=\"more-link\" href=\"https:\/\/www.kommentiert.at\/vote06\/?p=101\"><span class=\"screen-reader-text\">la le lu&#8230;<\/span> weiterlesen<\/a><\/p>\n","protected":false},"author":2,"featured_media":0,"comment_status":"open","ping_status":"open","sticky":false,"template":"","format":"standard","meta":{"footnotes":""},"categories":[1],"tags":[],"class_list":["post-101","post","type-post","status-publish","format-standard","hentry","category-allgemein","entry"],"_links":{"self":[{"href":"https:\/\/www.kommentiert.at\/vote06\/index.php?rest_route=\/wp\/v2\/posts\/101","targetHints":{"allow":["GET"]}}],"collection":[{"href":"https:\/\/www.kommentiert.at\/vote06\/index.php?rest_route=\/wp\/v2\/posts"}],"about":[{"href":"https:\/\/www.kommentiert.at\/vote06\/index.php?rest_route=\/wp\/v2\/types\/post"}],"author":[{"embeddable":true,"href":"https:\/\/www.kommentiert.at\/vote06\/index.php?rest_route=\/wp\/v2\/users\/2"}],"replies":[{"embeddable":true,"href":"https:\/\/www.kommentiert.at\/vote06\/index.php?rest_route=%2Fwp%2Fv2%2Fcomments&post=101"}],"version-history":[{"count":0,"href":"https:\/\/www.kommentiert.at\/vote06\/index.php?rest_route=\/wp\/v2\/posts\/101\/revisions"}],"wp:attachment":[{"href":"https:\/\/www.kommentiert.at\/vote06\/index.php?rest_route=%2Fwp%2Fv2%2Fmedia&parent=101"}],"wp:term":[{"taxonomy":"category","embeddable":true,"href":"https:\/\/www.kommentiert.at\/vote06\/index.php?rest_route=%2Fwp%2Fv2%2Fcategories&post=101"},{"taxonomy":"post_tag","embeddable":true,"href":"https:\/\/www.kommentiert.at\/vote06\/index.php?rest_route=%2Fwp%2Fv2%2Ftags&post=101"}],"curies":[{"name":"wp","href":"https:\/\/api.w.org\/{rel}","templated":true}]}}