{"id":17,"date":"2009-02-19T02:04:13","date_gmt":"2009-02-19T01:04:13","guid":{"rendered":"http:\/\/www.kommentiert.at\/?p=17"},"modified":"2009-02-19T02:04:13","modified_gmt":"2009-02-19T01:04:13","slug":"tausend-willkommen","status":"publish","type":"post","link":"https:\/\/www.kommentiert.at\/radio\/?p=17","title":{"rendered":"Tausend Willkommen!"},"content":{"rendered":"<p>Getreu dem &#8222;Tausend Willkommen&#8220;-Jingle des Freien Radio B138 m\u00f6chten wir euch hiermit im Blog zur Radiosendung &#8222;2009.kommentiert&#8220; von und mit Christoph Weiermair und Andreas Lindinger herzlich Willkommen hei\u00dfen. Unsere Sendung widmet sich in unregelm\u00e4\u00dfigen Abst\u00e4nden unterschiedlichsten Themen aus den Bereichen Politik, Wirtschaft, Gesellschaft und Nachhaltigkeit. Die Musik kommt vorzugsweise von unserem Musikexperten Christoph Radinger. Die Sendung ist im Freien Radio B138 im s\u00fcdlichen Kremstal in Ober\u00f6sterreich auf 90,4 MHz bzw. weltweit mittels <a href=\"http:\/\/stream.radio-b138.at\" target=\"_blank\">Internet-Livestream<\/a> zu empfangen.<\/p>\n<p>Diese Plattform wird vor allem dazu dienen, die Mitschnitte unserer Sendungen online verf\u00fcgbar zu machen und die kommenden Sendungstermine anzuk\u00fcndigen. Dar\u00fcber hinaus freuen wir uns \u00fcber R\u00fcckmeldungen zu den Sendungen sowie eure Themen- und Musikw\u00fcnsche! Vielen Dank!<\/p>\n","protected":false},"excerpt":{"rendered":"<p>Getreu dem &#8222;Tausend Willkommen&#8220;-Jingle des Freien Radio B138 m\u00f6chten wir euch hiermit im Blog zur Radiosendung &#8222;2009.kommentiert&#8220; von und mit Christoph Weiermair und Andreas Lindinger herzlich Willkommen hei\u00dfen. Unsere Sendung widmet sich in unregelm\u00e4\u00dfigen Abst\u00e4nden unterschiedlichsten Themen aus den Bereichen Politik, Wirtschaft, Gesellschaft und Nachhaltigkeit. Die Musik kommt vorzugsweise von unserem Musikexperten Christoph Radinger. Die [&hellip;]<\/p>\n","protected":false},"author":1,"featured_media":0,"comment_status":"open","ping_status":"open","sticky":false,"template":"","format":"standard","meta":{"footnotes":""},"categories":[1],"tags":[],"class_list":["post-17","post","type-post","status-publish","format-standard","hentry","category-allgemeines"],"_links":{"self":[{"href":"https:\/\/www.kommentiert.at\/radio\/index.php?rest_route=\/wp\/v2\/posts\/17","targetHints":{"allow":["GET"]}}],"collection":[{"href":"https:\/\/www.kommentiert.at\/radio\/index.php?rest_route=\/wp\/v2\/posts"}],"about":[{"href":"https:\/\/www.kommentiert.at\/radio\/index.php?rest_route=\/wp\/v2\/types\/post"}],"author":[{"embeddable":true,"href":"https:\/\/www.kommentiert.at\/radio\/index.php?rest_route=\/wp\/v2\/users\/1"}],"replies":[{"embeddable":true,"href":"https:\/\/www.kommentiert.at\/radio\/index.php?rest_route=%2Fwp%2Fv2%2Fcomments&post=17"}],"version-history":[{"count":1,"href":"https:\/\/www.kommentiert.at\/radio\/index.php?rest_route=\/wp\/v2\/posts\/17\/revisions"}],"predecessor-version":[{"id":18,"href":"https:\/\/www.kommentiert.at\/radio\/index.php?rest_route=\/wp\/v2\/posts\/17\/revisions\/18"}],"wp:attachment":[{"href":"https:\/\/www.kommentiert.at\/radio\/index.php?rest_route=%2Fwp%2Fv2%2Fmedia&parent=17"}],"wp:term":[{"taxonomy":"category","embeddable":true,"href":"https:\/\/www.kommentiert.at\/radio\/index.php?rest_route=%2Fwp%2Fv2%2Fcategories&post=17"},{"taxonomy":"post_tag","embeddable":true,"href":"https:\/\/www.kommentiert.at\/radio\/index.php?rest_route=%2Fwp%2Fv2%2Ftags&post=17"}],"curies":[{"name":"wp","href":"https:\/\/api.w.org\/{rel}","templated":true}]}}